{"id":105998,"date":"2020-05-12T21:16:34","date_gmt":"2020-05-12T19:16:34","guid":{"rendered":"http:\/\/www.tucomarca.com\/wordpress\/segunda\/?p=105998"},"modified":"2020-05-12T21:16:37","modified_gmt":"2020-05-12T19:16:37","slug":"la-diputacio-inicia-lexhumacio-de-la-fossa-111-de-paterna-on-sespera-trobar-les-restes-de-150-represaliats","status":"publish","type":"post","link":"https:\/\/www.tucomarca.com\/wordpress\/segunda\/ca\/la-diputacio-inicia-lexhumacio-de-la-fossa-111-de-paterna-on-sespera-trobar-les-restes-de-150-represaliats\/","title":{"rendered":"La Diputaci\u00f3 inicia l&#8217;exhumaci\u00f3 de la Fossa 111 de Paterna on s&#8217;espera trobar les restes de 150 represaliats"},"content":{"rendered":"\n<p>La Delegaci\u00f3 de Mem\u00f2ria Hist\u00f2rica de la Diputaci\u00f3 de Val\u00e8ncia posar\u00e0 en marxa este dimecres 13 de maig l&#8217;exhumaci\u00f3 de la Fossa 111 del cementeri de Paterna, en la qual es van poder depositar els cad\u00e0vers de 149 represaliats del franquisme, segons els estudis dels historiadors.<\/p>\n\n\n\n<p>Tenint en compte la investigaci\u00f3 de Vicent Gavarda, en esta fossa es van inhumar tres saques pr\u00e0cticament completes corresponents als afusellaments ocorreguts el 27 de mar\u00e7, el 6 d&#8217;abril i l&#8217;1 de maig de 1940. En total van ser 153 les v\u00edctimes dels afusellaments, per\u00f2 dos d&#8217;elles van ser tretes el mateix dia pels familiars i inhumades en n\u00ednxols individuals i altres dos es van depositar en la fossa 102, desconeixent-se el motiu d&#8217;esta distinci\u00f3; pel que s&#8217;espera trobar les restes de 149 represaliats.<\/p>\n\n\n\n<p>Este projecte, dut a terme per l&#8217;equip arqueol\u00f2gic de Arqueoantro, es plasma en un conveni per valor de 283.408 euros signat amb l&#8217;associaci\u00f3 de Familiars dels represaliats en esta fossa, que agrupa descendents de 30 dels afusellats.<\/p>\n\n\n\n<p>La Delegaci\u00f3 de Mem\u00f2ria Hist\u00f2rica de la Diputaci\u00f3 de Val\u00e8ncia, encap\u00e7alada pel diputat Ramiro Rivera, cont\u00ednua aix\u00ed amb la seua labor de retornar la dignitat i identificar als 2.980 afusellats a la prov\u00edncia de Val\u00e8ncia durant el franquisme, igual que en altres ocasions ha subvencionat les exhumacions d&#8217;aquelles persones que van ser v\u00edctimes de la repressi\u00f3 de grups incontrolats sota la Rep\u00fablica.<\/p>\n\n\n\n<p><strong>V\u00edctimes de m\u00e9s de 50 municipis<\/strong><\/p>\n\n\n\n<p>Entre les v\u00edctimes d&#8217;esta fossa 111 es troben principalment ve\u00efns naturals de mig centenar de localitats de la prov\u00edncia de Val\u00e8ncia: Albaida, Alberic, Alc\u00e0sser, Algemes\u00ed, Almussafes, Ayora, Bellreguard, Benaguasil, B\u00e9tera, Bugarra, Burjassot, Carlet, Castell\u00f3 de Rugat, Canals, Caudete de las Fuentes, Cullera, Enguera, La Font de la Figuera, Gandia, Gilet, Guadassuar, Ll\u00edria, Manises, Marines, Moixent, Oliva, Ontinyent, Paiporta, Pedralba, La Pobla Llarga, La Pobla de Vallbona, Pu\u00e7ol, Rafelbunyol, Rafelcofer, Requena, Riba-Roja del T\u00faria, Rugat, Sagunt, Silla, Sollana, Sueca, Tavernes Blanques, Tavernes de la Valldigna, Torrent, Tu\u00e9jar, Utiel, Val\u00e8ncia, Villargordo del Cabriel, X\u00e0tiva i Cheste.<\/p>\n\n\n\n<p>En esta fossa tamb\u00e9 s&#8217;espera trobar restes de represaliats procedents de Castell\u00f3 (Benic\u00e0ssim i Castell\u00f3 de la Plana) i Alacant (La Romana), a m\u00e9s de persones arribades de Barcelona, Bilbao, Madrid, M\u00e1laga, Los Pedrosos, San Clemente i Yecla.<\/p>\n\n\n\n<p>La majoria d&#8217;estes v\u00edctimes de la repressi\u00f3 franquista eren llauradors i jornalers, per\u00f2 tamb\u00e9 trobem mestres, com els de Bugarra i La Font de la Figuera, fusters i pescadors, aix\u00ed com la ve\u00efna d&#8217;Oliva Angelina Barber.<\/p>\n\n\n\n<p>Donada la situaci\u00f3 d&#8217;estat d&#8217;alarma i les conseg\u00fcents mesures de protecci\u00f3, els representants de l&#8217;Associaci\u00f3 de Familiars es limitaran a llegir un comunicat a les 10 h. a la porta del cementeri de Paterna. &nbsp;<\/p>\n","protected":false},"excerpt":{"rendered":"<div class=\"mh-excerpt\">La Delegaci\u00f3 de Mem\u00f2ria Hist\u00f2rica de la Diputaci\u00f3 de Val\u00e8ncia posar\u00e0 en marxa este dimecres 13 de maig l&#8217;exhumaci\u00f3 de la Fossa 111 del cementeri de Paterna, en la qual es van poder depositar els <a class=\"mh-excerpt-more\" href=\"https:\/\/www.tucomarca.com\/wordpress\/segunda\/ca\/la-diputacio-inicia-lexhumacio-de-la-fossa-111-de-paterna-on-sespera-trobar-les-restes-de-150-represaliats\/\" title=\"La Diputaci\u00f3 inicia l&#8217;exhumaci\u00f3 de la Fossa 111 de Paterna on s&#8217;espera trobar les restes de 150 represaliats\">[+] <\/a><\/div>\n","protected":false},"author":1,"featured_media":105996,"comment_status":"open","ping_status":"open","sticky":false,"template":"","format":"standard","meta":{"footnotes":""},"categories":[10954,10951,10983,10952,10937,10892,10967,10990,11032,11046,10969,10898,10963,10904,10912,10902,10928,10932,11025,10909,10896,11028,11059,11061,10974],"tags":[3677,11246],"class_list":{"0":"post-105998","1":"post","2":"type-post","3":"status-publish","4":"format-standard","5":"has-post-thumbnail","7":"category-ayora-ca","8":"category-ayora-cofrentes-ca","9":"category-algemesi-ca","10":"category-benaguasil-ca","11":"category-betera-ca","12":"category-camp-de-turia-ca","13":"category-canals-ca","14":"category-carlet-ca","15":"category-caudete-ca","16":"category-los-serranos-ca","17":"category-enguera-ca","18":"category-ventana-ca","19":"category-la-canal-de-navarres-ca","20":"category-sin-categorizar-ca","21":"category-la-hoya-ca","22":"category-la-ribera-ca","23":"category-lliria-ca","24":"category-marines-ca","25":"category-pedralba-ca","26":"category-requena-utiel-ca","27":"category-seccion-ca","28":"category-tuejar-ca","29":"category-utiel-ca","30":"category-villargordo-del-cabriel-ca","31":"category-cheste-ca","32":"tag-diputacio-de-valencia","33":"tag-diputacio-de-valencia-ca"},"_links":{"self":[{"href":"https:\/\/www.tucomarca.com\/wordpress\/segunda\/ca\/wp-json\/wp\/v2\/posts\/105998","targetHints":{"allow":["GET"]}}],"collection":[{"href":"https:\/\/www.tucomarca.com\/wordpress\/segunda\/ca\/wp-json\/wp\/v2\/posts"}],"about":[{"href":"https:\/\/www.tucomarca.com\/wordpress\/segunda\/ca\/wp-json\/wp\/v2\/types\/post"}],"author":[{"embeddable":true,"href":"https:\/\/www.tucomarca.com\/wordpress\/segunda\/ca\/wp-json\/wp\/v2\/users\/1"}],"replies":[{"embeddable":true,"href":"https:\/\/www.tucomarca.com\/wordpress\/segunda\/ca\/wp-json\/wp\/v2\/comments?post=105998"}],"version-history":[{"count":0,"href":"https:\/\/www.tucomarca.com\/wordpress\/segunda\/ca\/wp-json\/wp\/v2\/posts\/105998\/revisions"}],"wp:featuredmedia":[{"embeddable":true,"href":"https:\/\/www.tucomarca.com\/wordpress\/segunda\/ca\/wp-json\/wp\/v2\/media\/105996"}],"wp:attachment":[{"href":"https:\/\/www.tucomarca.com\/wordpress\/segunda\/ca\/wp-json\/wp\/v2\/media?parent=105998"}],"wp:term":[{"taxonomy":"category","embeddable":true,"href":"https:\/\/www.tucomarca.com\/wordpress\/segunda\/ca\/wp-json\/wp\/v2\/categories?post=105998"},{"taxonomy":"post_tag","embeddable":true,"href":"https:\/\/www.tucomarca.com\/wordpress\/segunda\/ca\/wp-json\/wp\/v2\/tags?post=105998"}],"curies":[{"name":"wp","href":"https:\/\/api.w.org\/{rel}","templated":true}]}}