{"id":106051,"date":"2020-05-13T13:03:49","date_gmt":"2020-05-13T11:03:49","guid":{"rendered":"http:\/\/www.tucomarca.com\/wordpress\/segunda\/?p=106051"},"modified":"2020-05-13T14:48:16","modified_gmt":"2020-05-13T12:48:16","slug":"lajuntament-de-requena-informa-que-les-proves-dacces-als-cicles-formatius-de-fp-seran-els-dies-1-i-2-de-juliol","status":"publish","type":"post","link":"https:\/\/www.tucomarca.com\/wordpress\/segunda\/ca\/lajuntament-de-requena-informa-que-les-proves-dacces-als-cicles-formatius-de-fp-seran-els-dies-1-i-2-de-juliol\/","title":{"rendered":"L&#8217;Ajuntament de Requena informa que les proves d&#8217;acc\u00e9s als cicles formatius de FP seran els dies 1 i 2 de juliol"},"content":{"rendered":"\n<p><strong>El termini d&#8217;inscripci\u00f3 per a realitzar les proves ser\u00e0 del 25 al 29 de maig i les persones aspirants podran remetre les sol\u00b7licituds d&#8217;inscripci\u00f3 al correu electr\u00f2nic del centre on vagen a realitzar la prova<\/strong><\/p>\n\n\n\n<p>La Conselleria d&#8217;Educaci\u00f3, Cultura i Esport ha convocat les proves d&#8217;acc\u00e9s als cicles formatius de Formaci\u00f3 Professional de Grau Mitj\u00e0 i Grau Superior per als propers dies 1 i 2 de juliol. Aquestes proves, a les que el curs passat es van presentar al voltant de 500 aspirants, van dirigides a totes aquelles persones interessades a cursar estudis d&#8217;FP sense complir els requisits acad\u00e8mics d&#8217;acc\u00e9s.<\/p>\n\n\n\n<p>Les proves d&#8217;acc\u00e9s seran presencials si les autoritats sanit\u00e0ries ho permeten i es desenvoluparan tenint en compte les instruccions de separaci\u00f3 entre els aspirants i posant en marxa els protocols de desinfecci\u00f3 i neteja que fixen les autoritats sanit\u00e0ries per garantir la seguretat tant de l&#8217;alumnat com del professorat en el moment de realitzar els ex\u00e0mens.<\/p>\n\n\n\n<p>El termini d&#8217;inscripci\u00f3 en les proves \u00e9s de l&#8217;25 a l&#8217;29 de maig. La Conselleria d&#8217;Educaci\u00f3, Cultura i Esport, davant la situaci\u00f3 originada per la pand\u00e8mia de COVID-19, i amb la finalitat d&#8217;evitar despla\u00e7aments per presentar les sol\u00b7licituds als centres docents, ha habilitat la possibilitat de remetre-les per correu electr\u00f2nic a la secretaria de els centres docents on es vol fer la prova.<\/p>\n\n\n\n<p>En la resoluci\u00f3 de la convocat\u00f2ria de les proves d&#8217;acc\u00e9s als cicles de FP publicada en el DOGV es detallen, a m\u00e9s dels requisits, models de sol\u00b7licitud i calendaris, els centres docents examinadors, aix\u00ed com l&#8217;adre\u00e7a i el correu electr\u00f2nic dels mateixos , mitjan\u00e7ant el qual les persones interessades han d&#8217;enviar la sol\u00b7licitud i la documentaci\u00f3 requerida.<\/p>\n\n\n\n<p>El certificat que acredita haver superat la prova d&#8217;acc\u00e9s t\u00e9 validesa en tot el territori nacional i permetr\u00e0 optar als cicles formatius a aquelles persones que no compleixin els requisits acad\u00e8mics d&#8217;acc\u00e9s directe. Per a aquest alumnat, els centres reservaran el 20% de les places vacants, proporci\u00f3 que podr\u00e0 ampliar-se en cas que no hi haga prou sol\u00b7licituds per part de l&#8217;alumnat que es doni per altres quotes d&#8217;acc\u00e9s.<\/p>\n\n\n\n<p>Mes informaci\u00f3:<\/p>\n\n\n\n<p><a href=\"http:\/\/www.ceice.gva.es\/es\/inicio\/area_de_prensa\/not_detalle_area_prensa?id=856917\">http:\/\/www.ceice.gva.es\/es\/inicio\/area_de_prensa\/not_detalle_area_prensa?id=856917<\/a><\/p>\n","protected":false},"excerpt":{"rendered":"<div class=\"mh-excerpt\">El termini d&#8217;inscripci\u00f3 per a realitzar les proves ser\u00e0 del 25 al 29 de maig i les persones aspirants podran remetre les sol\u00b7licituds d&#8217;inscripci\u00f3 al correu electr\u00f2nic del centre on vagen a realitzar la prova <a class=\"mh-excerpt-more\" href=\"https:\/\/www.tucomarca.com\/wordpress\/segunda\/ca\/lajuntament-de-requena-informa-que-les-proves-dacces-als-cicles-formatius-de-fp-seran-els-dies-1-i-2-de-juliol\/\" title=\"L&#8217;Ajuntament de Requena informa que les proves d&#8217;acc\u00e9s als cicles formatius de FP seran els dies 1 i 2 de juliol\">[+] <\/a><\/div>\n","protected":false},"author":12,"featured_media":105501,"comment_status":"open","ping_status":"open","sticky":false,"template":"","format":"standard","meta":{"footnotes":""},"categories":[11010,10948,10894,10947,10908,10909,10896,10897],"tags":[11254,12123,11939,11940,11979,11459],"class_list":{"0":"post-106051","1":"post","2":"type-post","3":"status-publish","4":"format-standard","5":"has-post-thumbnail","7":"category-canal-salud","8":"category-infraestructuras-ca","9":"category-la-comarca-ca","10":"category-politica","11":"category-requena-ca","12":"category-requena-utiel-ca","13":"category-seccion-ca","14":"category-sucesos-la-comarca-ca","15":"tag-ayuntamiento-de-requena-ca","16":"tag-conselleria-de-educacion-ca","17":"tag-coronavirus-ca","18":"tag-covid-19-ca","19":"tag-formacion-profesional-ca","20":"tag-utiel-requena-ca"},"_links":{"self":[{"href":"https:\/\/www.tucomarca.com\/wordpress\/segunda\/ca\/wp-json\/wp\/v2\/posts\/106051","targetHints":{"allow":["GET"]}}],"collection":[{"href":"https:\/\/www.tucomarca.com\/wordpress\/segunda\/ca\/wp-json\/wp\/v2\/posts"}],"about":[{"href":"https:\/\/www.tucomarca.com\/wordpress\/segunda\/ca\/wp-json\/wp\/v2\/types\/post"}],"author":[{"embeddable":true,"href":"https:\/\/www.tucomarca.com\/wordpress\/segunda\/ca\/wp-json\/wp\/v2\/users\/12"}],"replies":[{"embeddable":true,"href":"https:\/\/www.tucomarca.com\/wordpress\/segunda\/ca\/wp-json\/wp\/v2\/comments?post=106051"}],"version-history":[{"count":0,"href":"https:\/\/www.tucomarca.com\/wordpress\/segunda\/ca\/wp-json\/wp\/v2\/posts\/106051\/revisions"}],"wp:featuredmedia":[{"embeddable":true,"href":"https:\/\/www.tucomarca.com\/wordpress\/segunda\/ca\/wp-json\/wp\/v2\/media\/105501"}],"wp:attachment":[{"href":"https:\/\/www.tucomarca.com\/wordpress\/segunda\/ca\/wp-json\/wp\/v2\/media?parent=106051"}],"wp:term":[{"taxonomy":"category","embeddable":true,"href":"https:\/\/www.tucomarca.com\/wordpress\/segunda\/ca\/wp-json\/wp\/v2\/categories?post=106051"},{"taxonomy":"post_tag","embeddable":true,"href":"https:\/\/www.tucomarca.com\/wordpress\/segunda\/ca\/wp-json\/wp\/v2\/tags?post=106051"}],"curies":[{"name":"wp","href":"https:\/\/api.w.org\/{rel}","templated":true}]}}