{"id":106388,"date":"2020-05-15T22:21:49","date_gmt":"2020-05-15T20:21:49","guid":{"rendered":"http:\/\/www.tucomarca.com\/wordpress\/segunda\/?p=106388"},"modified":"2020-05-15T22:22:12","modified_gmt":"2020-05-15T20:22:12","slug":"el-centre-residencial-savia-de-requena-organitza-un-concurs-de-dibuix-per-a-xiquets","status":"publish","type":"post","link":"https:\/\/www.tucomarca.com\/wordpress\/segunda\/ca\/el-centre-residencial-savia-de-requena-organitza-un-concurs-de-dibuix-per-a-xiquets\/","title":{"rendered":"El Centre Residencial Savia de Requena organitza un concurs de dibuix per a xiquets"},"content":{"rendered":"\n<p><strong>Poden participar els xiquets i xiquetes entre 3 i 12 anys enviant una foto d&#8217;un dibuix sobre la fam\u00edlia. Els residents seran el jurat, que triar\u00e0 la proposta m\u00e9s original<\/strong><\/p>\n\n\n\n<p>Amb motiu del dia internacional de la fam\u00edlia que se celebra este divendres 15 de maig, el Centre Residencial Savia Requena ha organitzat un concurs de dibuix per als m\u00e9s menuts de la casa.<\/p>\n\n\n\n<p>Podran participar en el mateix els xiquets i xiquetes entre 3 i 12 anys d&#8217;edat. Per a aix\u00f2, tan sols cal realitzar un dibuix al\u00b7lusiu a la fam\u00edlia, fer-li una foto i remetre-ho al telef\u00f3no 607 851 633.<\/p>\n\n\n\n<p>El termini finalitza diumenge que ve 17 de maig. Una vegada rebudes totes les propostes, els residents del centre Savia seran el jurat, que valoraran i triaran les m\u00e9s originals d&#8217;entre totes les que s&#8217;hagen presentat. <\/p>\n\n\n\n<p>Finalment, des del centre residencial Savia de Requena animen tots els xiquets i xiquetes de la localitat i de la comarca a formar part d&#8217;esta preciosa iniciativa.<\/p>\n","protected":false},"excerpt":{"rendered":"<div class=\"mh-excerpt\">Poden participar els xiquets i xiquetes entre 3 i 12 anys enviant una foto d&#8217;un dibuix sobre la fam\u00edlia. Els residents seran el jurat, que triar\u00e0 la proposta m\u00e9s original Amb motiu del dia internacional <a class=\"mh-excerpt-more\" href=\"https:\/\/www.tucomarca.com\/wordpress\/segunda\/ca\/el-centre-residencial-savia-de-requena-organitza-un-concurs-de-dibuix-per-a-xiquets\/\" title=\"El Centre Residencial Savia de Requena organitza un concurs de dibuix per a xiquets\">[+] <\/a><\/div>\n","protected":false},"author":12,"featured_media":106387,"comment_status":"open","ping_status":"open","sticky":false,"template":"","format":"standard","meta":{"footnotes":""},"categories":[11019,11010,10948,10894,10908,10909,10896],"tags":[12135,11939,11099,10910],"class_list":{"0":"post-106388","1":"post","2":"type-post","3":"status-publish","4":"format-standard","5":"has-post-thumbnail","7":"category-agenda-ca","8":"category-canal-salud","9":"category-infraestructuras-ca","10":"category-la-comarca-ca","11":"category-requena-ca","12":"category-requena-utiel-ca","13":"category-seccion-ca","14":"tag-centro-residencial-savia-ca","15":"tag-coronavirus-ca","16":"tag-requena-ca","17":"tag-requena-utiel-ca"},"_links":{"self":[{"href":"https:\/\/www.tucomarca.com\/wordpress\/segunda\/ca\/wp-json\/wp\/v2\/posts\/106388","targetHints":{"allow":["GET"]}}],"collection":[{"href":"https:\/\/www.tucomarca.com\/wordpress\/segunda\/ca\/wp-json\/wp\/v2\/posts"}],"about":[{"href":"https:\/\/www.tucomarca.com\/wordpress\/segunda\/ca\/wp-json\/wp\/v2\/types\/post"}],"author":[{"embeddable":true,"href":"https:\/\/www.tucomarca.com\/wordpress\/segunda\/ca\/wp-json\/wp\/v2\/users\/12"}],"replies":[{"embeddable":true,"href":"https:\/\/www.tucomarca.com\/wordpress\/segunda\/ca\/wp-json\/wp\/v2\/comments?post=106388"}],"version-history":[{"count":0,"href":"https:\/\/www.tucomarca.com\/wordpress\/segunda\/ca\/wp-json\/wp\/v2\/posts\/106388\/revisions"}],"wp:featuredmedia":[{"embeddable":true,"href":"https:\/\/www.tucomarca.com\/wordpress\/segunda\/ca\/wp-json\/wp\/v2\/media\/106387"}],"wp:attachment":[{"href":"https:\/\/www.tucomarca.com\/wordpress\/segunda\/ca\/wp-json\/wp\/v2\/media?parent=106388"}],"wp:term":[{"taxonomy":"category","embeddable":true,"href":"https:\/\/www.tucomarca.com\/wordpress\/segunda\/ca\/wp-json\/wp\/v2\/categories?post=106388"},{"taxonomy":"post_tag","embeddable":true,"href":"https:\/\/www.tucomarca.com\/wordpress\/segunda\/ca\/wp-json\/wp\/v2\/tags?post=106388"}],"curies":[{"name":"wp","href":"https:\/\/api.w.org\/{rel}","templated":true}]}}