{"id":106521,"date":"2020-05-19T19:39:34","date_gmt":"2020-05-19T17:39:34","guid":{"rendered":"http:\/\/www.tucomarca.com\/wordpress\/segunda\/?p=106521"},"modified":"2020-05-19T19:39:36","modified_gmt":"2020-05-19T17:39:36","slug":"riba-roja-de-turia-tanca-el-pressupost-de-2019-amb-un-superavit-de-19-milions-deuros-i-deixa-en-zero-el-deute-municipal","status":"publish","type":"post","link":"https:\/\/www.tucomarca.com\/wordpress\/segunda\/ca\/riba-roja-de-turia-tanca-el-pressupost-de-2019-amb-un-superavit-de-19-milions-deuros-i-deixa-en-zero-el-deute-municipal\/","title":{"rendered":"Riba-roja de T\u00faria tanca el pressupost de 2019 amb un super\u00e0vit de 1&#8217;9 milions d&#8217;euros i deixa en zero el deute municipal"},"content":{"rendered":"\n<p><strong>L&#8217;equip de govern d\u00f3na compte al ple de la liquidaci\u00f3 pressupost\u00e0ria<\/strong><\/p>\n\n\n\n<p>L&#8217;Ajuntament de Riba-roja de T\u00faria ha donat compte de la liquidaci\u00f3 del pressupost econ\u00f2mic corresponent a l&#8217;any passat 2019 amb un super\u00e0vit global de 1&#8217;9 milions d&#8217;euros que permet continuar la senda dels anys precedents. El govern municipal ha donat a con\u00e9ixer, a m\u00e9s, els comptes de les arques p\u00fabliques que es completen amb un deute fixada actualment en 0 euros.<\/p>\n\n\n\n<p>El pressupost econ\u00f2mic del passat any 2019 ha suposat uns ingressos ordinaris que van aconseguir els 29&#8217;6 milions d&#8217;euros enfront dels 33&#8217;7 milions d&#8217;euros corresponents als gastos municipals, de manera que el super\u00e0vit es va tancar amb un total de 1&#8217;9 milions d&#8217;euros -despr\u00e9s dels ajustos econ\u00f2mics per valor de 6 milions- i permet afrontar amb majors garanties el futur econ\u00f2mic de l&#8217;ajuntament.<\/p>\n\n\n\n<p>El romanent econ\u00f2mic que ha aconseguit l&#8217;Ajuntament de Riba-roja de T\u00faria en els \u00faltims anys s&#8217;ha situat actualment en un total de 4&#8217;1 milions d&#8217;euros, basat en la gesti\u00f3 duta a terme per l&#8217;actual equip de govern en els exercicis pressupostaris precedents. Amb estos n\u00fameros, el consistori deixa el seu actual deute municipal en zero euros.<\/p>\n\n\n\n<p>El romanent de tresoreria no t\u00e9 car\u00e0cter anual -a difer\u00e8ncia del pressupost econ\u00f2mic- sin\u00f3 que \u00e9s el reflex del d\u00e8ficit o super\u00e0vit que s&#8217;ha anat acumulant al llarg dels exercicis precedents i la suma del qual passa d&#8217;un exercici a un altre en funci\u00f3 dels d\u00e8ficits o super\u00e0vits que es van produint en els pressupostos econ\u00f2mics. Per tant, l&#8217;import acumulat de Riba-roja aconseguix els citats 4&#8217;1 milions d&#8217;euros.<\/p>\n\n\n\n<p>La liquidaci\u00f3 positiva de l&#8217;exercici de 2019 fixada en 1&#8217;9 milions s&#8217;afig a les que s&#8217;han determinat en els exercicis precedents, ja que en el 2016 va aconseguir els 2&#8217;1 milions, altres 1&#8217;5 milions en el pressupost de 2017 i, finalment, els 3&#8217;1 milions d&#8217;euros en any 2017. Estes xifres permeten encarar amb una major efic\u00e0cia els pr\u00f2xims mesos en el consistori per a suportar les inversions que es desenrotllaran en determinades \u00e0rees municipals apressades per la crisi sanit\u00e0ria i econ\u00f2mica.<\/p>\n\n\n\n<p>Gr\u00e0cies a estes xifres econ\u00f2miques, l&#8217;equip de govern de Riba-roja de T\u00faria ha pogut aprovar ajudes per valor de 670.000 euros enfocades als comer\u00e7os, els aut\u00f2noms i les microempreses afectades per l&#8217;Estat d&#8217;Alarma -en consens entre el govern municipal i tots els partits de l&#8217;oposici\u00f3- amb fins a 2.000 euros directes per a cada un dels sol\u00b7licitants en funci\u00f3 de les caracter\u00edstiques dels mateixos.<\/p>\n\n\n\n<p>Paral\u00b7lelament, l&#8217;equip de govern de Riba-roja de T\u00faria ha oferit un pacte global i consensuat a la resta de formacions pol\u00edtiques amb representaci\u00f3 en el ple municipal per a la modificaci\u00f3 de les partides pressupost\u00e0ries del present exercici despr\u00e9s de les conseq\u00fc\u00e8ncies derivades pel decret de l&#8217;Estat d&#8217;Alarma a causa del coronavirus, en el que seran imprescindibles enfortir tres grans pilars de treball: Servicis Socials i Majors, Economia i Ocupaci\u00f3 i Formaci\u00f3. L&#8217;objectiu \u00e9s dotar a estes \u00e0rees de majors recursos econ\u00f2mics.<\/p>\n\n\n\n<p>El regidor d&#8217;Hisenda, Jos\u00e9 \u00c1ngel Hern\u00e1ndez, ha manifestat que les dades de la liquidaci\u00f3 &#8220;son molt positius per al nostre municipi ja que ens permet afrontar amb major optimisme les mesures que hem adoptat per a ajudar als diferents sectors econ\u00f2mics de la localitat i continuar, d&#8217;esta manera, amb la nostra gesti\u00f3 perqu\u00e8 cap persona es quede sense el suport i l&#8217;ajuda de l&#8217;administraci\u00f3 local&#8221;.<\/p>\n","protected":false},"excerpt":{"rendered":"<div class=\"mh-excerpt\">L&#8217;equip de govern d\u00f3na compte al ple de la liquidaci\u00f3 pressupost\u00e0ria L&#8217;Ajuntament de Riba-roja de T\u00faria ha donat compte de la liquidaci\u00f3 del pressupost econ\u00f2mic corresponent a l&#8217;any passat 2019 amb un super\u00e0vit global de <a class=\"mh-excerpt-more\" href=\"https:\/\/www.tucomarca.com\/wordpress\/segunda\/ca\/riba-roja-de-turia-tanca-el-pressupost-de-2019-amb-un-superavit-de-19-milions-deuros-i-deixa-en-zero-el-deute-municipal\/\" title=\"Riba-roja de T\u00faria tanca el pressupost de 2019 amb un super\u00e0vit de 1&#8217;9 milions d&#8217;euros i deixa en zero el deute municipal\">[+] <\/a><\/div>\n","protected":false},"author":12,"featured_media":106520,"comment_status":"open","ping_status":"open","sticky":false,"template":"","format":"standard","meta":{"footnotes":""},"categories":[10892,11010,10948,10894,10947,10906,10896,10897],"tags":[10631,10395],"class_list":{"0":"post-106521","1":"post","2":"type-post","3":"status-publish","4":"format-standard","5":"has-post-thumbnail","7":"category-camp-de-turia-ca","8":"category-canal-salud","9":"category-infraestructuras-ca","10":"category-la-comarca-ca","11":"category-politica","12":"category-riba-roja-ca","13":"category-seccion-ca","14":"category-sucesos-la-comarca-ca","15":"tag-ajuntament-de-riba-roja","16":"tag-camp-de-turia"},"_links":{"self":[{"href":"https:\/\/www.tucomarca.com\/wordpress\/segunda\/ca\/wp-json\/wp\/v2\/posts\/106521","targetHints":{"allow":["GET"]}}],"collection":[{"href":"https:\/\/www.tucomarca.com\/wordpress\/segunda\/ca\/wp-json\/wp\/v2\/posts"}],"about":[{"href":"https:\/\/www.tucomarca.com\/wordpress\/segunda\/ca\/wp-json\/wp\/v2\/types\/post"}],"author":[{"embeddable":true,"href":"https:\/\/www.tucomarca.com\/wordpress\/segunda\/ca\/wp-json\/wp\/v2\/users\/12"}],"replies":[{"embeddable":true,"href":"https:\/\/www.tucomarca.com\/wordpress\/segunda\/ca\/wp-json\/wp\/v2\/comments?post=106521"}],"version-history":[{"count":0,"href":"https:\/\/www.tucomarca.com\/wordpress\/segunda\/ca\/wp-json\/wp\/v2\/posts\/106521\/revisions"}],"wp:featuredmedia":[{"embeddable":true,"href":"https:\/\/www.tucomarca.com\/wordpress\/segunda\/ca\/wp-json\/wp\/v2\/media\/106520"}],"wp:attachment":[{"href":"https:\/\/www.tucomarca.com\/wordpress\/segunda\/ca\/wp-json\/wp\/v2\/media?parent=106521"}],"wp:term":[{"taxonomy":"category","embeddable":true,"href":"https:\/\/www.tucomarca.com\/wordpress\/segunda\/ca\/wp-json\/wp\/v2\/categories?post=106521"},{"taxonomy":"post_tag","embeddable":true,"href":"https:\/\/www.tucomarca.com\/wordpress\/segunda\/ca\/wp-json\/wp\/v2\/tags?post=106521"}],"curies":[{"name":"wp","href":"https:\/\/api.w.org\/{rel}","templated":true}]}}