{"id":106531,"date":"2020-05-19T19:37:37","date_gmt":"2020-05-19T17:37:37","guid":{"rendered":"http:\/\/www.tucomarca.com\/wordpress\/segunda\/?p=106531"},"modified":"2020-05-19T19:37:38","modified_gmt":"2020-05-19T17:37:38","slug":"la-mancomunitat-de-linterior-terra-del-vi-llanca-la-campanya-redescubre-per-a-promocionar-el-consum-comarcal-junt-amb-empreses-i-associacions-del-territori","status":"publish","type":"post","link":"https:\/\/www.tucomarca.com\/wordpress\/segunda\/ca\/la-mancomunitat-de-linterior-terra-del-vi-llanca-la-campanya-redescubre-per-a-promocionar-el-consum-comarcal-junt-amb-empreses-i-associacions-del-territori\/","title":{"rendered":"La Mancomunitat de l&#8217;Interior Terra del Vi llan\u00e7a la campanya &#8220;(re)descubre&#8221;; per a promocionar el consum comarcal junt amb empreses i associacions del territori"},"content":{"rendered":"\n<p><strong>Davall l&#8217;hashtag #TuComarcaTuFuturo i amb l&#8217;objectiu de fomentar el consum de proximitat davant del repte obert per la crisi Covid-19<\/strong><\/p>\n\n\n\n<p>La Mancomunitat de l&#8217;Interior Terra del Vi, en col\u00b7laboraci\u00f3 amb empreses i entitats dels sectors comercial i enotur\u00edstico, llan\u00e7a una campanya de comunicaci\u00f3 interna per a fomentar el consum de proximitat i conscienciar sobre la seua import\u00e0ncia per al desenrotllament de la comarca, davall l&#8217;hashtag #TuComarcaTuFuturo i la marca de destinaci\u00f3 tur\u00edstica Terra Bobal.<\/p>\n\n\n\n<p>Esta actuaci\u00f3 s&#8217;emmarca en el projecte ADAPT@+T 2019, subvencionat per LABORA, dins de la iniciativa Avalem Territori, que va suposar la firma en la nostra comarca d&#8217;un Acord Territorial per a l&#8217;Ocupaci\u00f3 i el Desenrotllament Comarcal amb l&#8217;objectiu de fer pol\u00edtiques territorials per a l&#8217;ocupaci\u00f3 adaptades a les seues necessitats reals.<\/p>\n\n\n\n<p>La iniciativa, que naix de la participaci\u00f3 de tots els agents implicats, pret\u00e9n donar a con\u00e9ixer la qualitat i varietat de comer\u00e7os i servicis que existixen en la comarca, aix\u00ed com l&#8217;important potencial tur\u00edstic amb qu\u00e8 compte, incentivant el consum comarcal com a pal\u00b7liatiu davant de la crisi generada per la Covid-19. La campanya ser\u00e0 din\u00e0mica i tindr\u00e0 diverses fases. La primera d&#8217;elles consistir\u00e0 en la publicaci\u00f3 di\u00e0ria de postts promocionant diferents activitats comercials i recursos tur\u00edstics d&#8217;inter\u00e9s per als residents de la comarca, davall el lema &#8220;(re) descubre&#8230;&#8221;<\/p>\n\n\n\n<p><strong>El consum de proximitat: la vida d&#8217;una comarca<\/strong><\/p>\n\n\n\n<p>Darrere de cada mostrador, taula d&#8217;oficina o servici oferit en la nostra comarca hi ha una fam\u00edlia que ha decidit emprendre i desenrotllar la seua vida en cada un dels nou municipis que la conformen. Cada euro gastat en la comarca queda en ella, augmentant la riquesa i assegurant els servicis municipals a trav\u00e9s dels impostos generats. Les empreses i els negocis de proximitat donen vida als pobles, creguen ocupaci\u00f3, aporten seguretat en el consum i eviten llargs i innecessaris despla\u00e7aments.<\/p>\n\n\n\n<p>Les actuals circumst\u00e0ncies han demostrat l&#8217;important paper que juguen els comer\u00e7os i les empreses locals. Esta campanya pret\u00e9n unir i coordinar els esfor\u00e7os de totes les entitats econ\u00f2miques del territori per a donar a con\u00e9ixer de forma uniforme, amb un missatge com\u00fa, tots els servicis i productes oferits en el mateix.<\/p>\n\n\n\n<p><strong>Unitat i cooperaci\u00f3: un cam\u00ed cap al futur<\/strong><\/p>\n\n\n\n<p>Amb esta campanya es busca la complicitat d&#8217;entitats, empreses, administracions i ciutadania en general. Una iniciativa participativa i conjunta en el p\u00fablic i en all\u00f2 que s&#8217;ha privat, que aposta per l&#8217;atenci\u00f3 del nostre teixit empresarial i la recuperaci\u00f3 econ\u00f2mica despr\u00e9s de la conjuntura oberta amb la crisi del Covid-19.<\/p>\n","protected":false},"excerpt":{"rendered":"<div class=\"mh-excerpt\">Davall l&#8217;hashtag #TuComarcaTuFuturo i amb l&#8217;objectiu de fomentar el consum de proximitat davant del repte obert per la crisi Covid-19 La Mancomunitat de l&#8217;Interior Terra del Vi, en col\u00b7laboraci\u00f3 amb empreses i entitats dels sectors <a class=\"mh-excerpt-more\" href=\"https:\/\/www.tucomarca.com\/wordpress\/segunda\/ca\/la-mancomunitat-de-linterior-terra-del-vi-llanca-la-campanya-redescubre-per-a-promocionar-el-consum-comarcal-junt-amb-empreses-i-associacions-del-territori\/\" title=\"La Mancomunitat de l&#8217;Interior Terra del Vi llan\u00e7a la campanya &#8220;(re)descubre&#8221;; per a promocionar el consum comarcal junt amb empreses i associacions del territori\">[+] <\/a><\/div>\n","protected":false},"author":12,"featured_media":97214,"comment_status":"open","ping_status":"open","sticky":false,"template":"","format":"standard","meta":{"footnotes":""},"categories":[10905,11010,10948,10894,10947,10909,10896,10897,11059],"tags":[11937,11938,7976,10387],"class_list":{"0":"post-106531","1":"post","2":"type-post","3":"status-publish","4":"format-standard","5":"has-post-thumbnail","7":"category-agricultura-la-comarca-ca","8":"category-canal-salud","9":"category-infraestructuras-ca","10":"category-la-comarca-ca","11":"category-politica","12":"category-requena-utiel-ca","13":"category-seccion-ca","14":"category-sucesos-la-comarca-ca","15":"category-utiel-ca","16":"tag-coronavirus","17":"tag-covid-19","18":"tag-mancomunidad-tierra-del-vino","19":"tag-requena-utiel"},"_links":{"self":[{"href":"https:\/\/www.tucomarca.com\/wordpress\/segunda\/ca\/wp-json\/wp\/v2\/posts\/106531","targetHints":{"allow":["GET"]}}],"collection":[{"href":"https:\/\/www.tucomarca.com\/wordpress\/segunda\/ca\/wp-json\/wp\/v2\/posts"}],"about":[{"href":"https:\/\/www.tucomarca.com\/wordpress\/segunda\/ca\/wp-json\/wp\/v2\/types\/post"}],"author":[{"embeddable":true,"href":"https:\/\/www.tucomarca.com\/wordpress\/segunda\/ca\/wp-json\/wp\/v2\/users\/12"}],"replies":[{"embeddable":true,"href":"https:\/\/www.tucomarca.com\/wordpress\/segunda\/ca\/wp-json\/wp\/v2\/comments?post=106531"}],"version-history":[{"count":0,"href":"https:\/\/www.tucomarca.com\/wordpress\/segunda\/ca\/wp-json\/wp\/v2\/posts\/106531\/revisions"}],"wp:featuredmedia":[{"embeddable":true,"href":"https:\/\/www.tucomarca.com\/wordpress\/segunda\/ca\/wp-json\/wp\/v2\/media\/97214"}],"wp:attachment":[{"href":"https:\/\/www.tucomarca.com\/wordpress\/segunda\/ca\/wp-json\/wp\/v2\/media?parent=106531"}],"wp:term":[{"taxonomy":"category","embeddable":true,"href":"https:\/\/www.tucomarca.com\/wordpress\/segunda\/ca\/wp-json\/wp\/v2\/categories?post=106531"},{"taxonomy":"post_tag","embeddable":true,"href":"https:\/\/www.tucomarca.com\/wordpress\/segunda\/ca\/wp-json\/wp\/v2\/tags?post=106531"}],"curies":[{"name":"wp","href":"https:\/\/api.w.org\/{rel}","templated":true}]}}