{"id":106784,"date":"2020-05-21T21:55:18","date_gmt":"2020-05-21T19:55:18","guid":{"rendered":"http:\/\/www.tucomarca.com\/wordpress\/segunda\/?p=106784"},"modified":"2020-05-21T22:16:16","modified_gmt":"2020-05-21T20:16:16","slug":"comissions-obreres-de-les-comarques-de-linterior-presenta-unes-propostes-marc-als-ajuntaments","status":"publish","type":"post","link":"https:\/\/www.tucomarca.com\/wordpress\/segunda\/ca\/comissions-obreres-de-les-comarques-de-linterior-presenta-unes-propostes-marc-als-ajuntaments\/","title":{"rendered":"Comissions Obreres de les Comarques de l&#8217;Interior presenta unes propostes marc als ajuntaments"},"content":{"rendered":"\n<p><strong>Durant esta setmana CCOO Comarques d&#8217;Interior hi ha rem\u00e9s les seues propostes per a la reactivaci\u00f3 econ\u00f2mica i social als ajuntaments i mancomunitats de l&#8217;interior valenci\u00e0<\/strong><\/p>\n\n\n\n<p>Des de CCOO volem invitar a les administracions locals de les nostres comarques (Camp de T\u00faria, Foia de Bu\u00f1ol-Chiva, Plana Requena-Utiel, Els Serrans, Vall d&#8217;Ayora- Cofrentes i Rac\u00f3 d&#8217;Ademuz) a prendre mesures per a fomentar una reactivaci\u00f3 de la nostra economia que no deixe a ning\u00fa arrere. Per a aix\u00f2 optem per fomentar el dialogue social, tamb\u00e9 a nivell municipal, ja que creiem que s&#8217;han de posar en marxa mesures que fomenten l&#8217;ocupaci\u00f3 i el benestar de la classe treballadora.<\/p>\n\n\n\n<p>El document exposa en dos grans fases les accions a prendre contra esta crisi. En la primera, mesures de xoc per a evitar un major col\u00b7lapse social posterior. Es detallen propostes com a ajudes per a aliments, lloguers, atenci\u00f3 de majors, ajornar per\u00edode de pagament d&#8217;impostos, reducci\u00f3 de taxes, etc. I en segon lloc es proposa una segona fase, en la que comprendran accions de reactivaci\u00f3 i reconstrucci\u00f3 socioecon\u00f2mica. Com s\u00f3n; el foment de la contractaci\u00f3, formaci\u00f3, programes d&#8217;ocupaci\u00f3, inversions p\u00fabliques, diversificaci\u00f3 del model tur\u00edstic, etc.<\/p>\n\n\n\n<p><strong>Som coneixedors que molts ajuntaments ja estan portant acabe moltes d&#8217;estes mesures, i des de CCOO ho veiem de manera molt positiva, per la qual cosa creiem que s&#8217;ha de continuar treballant en esta l\u00ednia.<\/strong><\/p>\n","protected":false},"excerpt":{"rendered":"<div class=\"mh-excerpt\">Durant esta setmana CCOO Comarques d&#8217;Interior hi ha rem\u00e9s les seues propostes per a la reactivaci\u00f3 econ\u00f2mica i social als ajuntaments i mancomunitats de l&#8217;interior valenci\u00e0 Des de CCOO volem invitar a les administracions locals <a class=\"mh-excerpt-more\" href=\"https:\/\/www.tucomarca.com\/wordpress\/segunda\/ca\/comissions-obreres-de-les-comarques-de-linterior-presenta-unes-propostes-marc-als-ajuntaments\/\" title=\"Comissions Obreres de les Comarques de l&#8217;Interior presenta unes propostes marc als ajuntaments\">[+] <\/a><\/div>\n","protected":false},"author":12,"featured_media":106783,"comment_status":"open","ping_status":"open","sticky":false,"template":"","format":"standard","meta":{"footnotes":""},"categories":[10890,10951,10892,11046,10948,10894,10912,10947,10909,10896,10897],"tags":[10523,12148,5952],"class_list":{"0":"post-106784","1":"post","2":"type-post","3":"status-publish","4":"format-standard","5":"has-post-thumbnail","7":"category-ademus","8":"category-ayora-cofrentes-ca","9":"category-camp-de-turia-ca","10":"category-los-serranos-ca","11":"category-infraestructuras-ca","12":"category-la-comarca-ca","13":"category-la-hoya-ca","14":"category-politica","15":"category-requena-utiel-ca","16":"category-seccion-ca","17":"category-sucesos-la-comarca-ca","18":"tag-cc-oo","19":"tag-comisiones-obreras-de-las-comarcas-del-interior","20":"tag-la-hoya-de-bunol-chiva"},"_links":{"self":[{"href":"https:\/\/www.tucomarca.com\/wordpress\/segunda\/ca\/wp-json\/wp\/v2\/posts\/106784","targetHints":{"allow":["GET"]}}],"collection":[{"href":"https:\/\/www.tucomarca.com\/wordpress\/segunda\/ca\/wp-json\/wp\/v2\/posts"}],"about":[{"href":"https:\/\/www.tucomarca.com\/wordpress\/segunda\/ca\/wp-json\/wp\/v2\/types\/post"}],"author":[{"embeddable":true,"href":"https:\/\/www.tucomarca.com\/wordpress\/segunda\/ca\/wp-json\/wp\/v2\/users\/12"}],"replies":[{"embeddable":true,"href":"https:\/\/www.tucomarca.com\/wordpress\/segunda\/ca\/wp-json\/wp\/v2\/comments?post=106784"}],"version-history":[{"count":0,"href":"https:\/\/www.tucomarca.com\/wordpress\/segunda\/ca\/wp-json\/wp\/v2\/posts\/106784\/revisions"}],"wp:featuredmedia":[{"embeddable":true,"href":"https:\/\/www.tucomarca.com\/wordpress\/segunda\/ca\/wp-json\/wp\/v2\/media\/106783"}],"wp:attachment":[{"href":"https:\/\/www.tucomarca.com\/wordpress\/segunda\/ca\/wp-json\/wp\/v2\/media?parent=106784"}],"wp:term":[{"taxonomy":"category","embeddable":true,"href":"https:\/\/www.tucomarca.com\/wordpress\/segunda\/ca\/wp-json\/wp\/v2\/categories?post=106784"},{"taxonomy":"post_tag","embeddable":true,"href":"https:\/\/www.tucomarca.com\/wordpress\/segunda\/ca\/wp-json\/wp\/v2\/tags?post=106784"}],"curies":[{"name":"wp","href":"https:\/\/api.w.org\/{rel}","templated":true}]}}