{"id":107017,"date":"2020-05-25T12:34:28","date_gmt":"2020-05-25T10:34:28","guid":{"rendered":"http:\/\/www.tucomarca.com\/wordpress\/segunda\/?p=107017"},"modified":"2020-05-25T12:34:28","modified_gmt":"2020-05-25T10:34:28","slug":"la-regidoria-de-sanitat-de-lajuntament-de-bunol-recorda-lobligatorietat-de-lus-de-mascaretes-a-tota-la-poblacio-a-partir-de-6-anys","status":"publish","type":"post","link":"https:\/\/www.tucomarca.com\/wordpress\/segunda\/ca\/la-regidoria-de-sanitat-de-lajuntament-de-bunol-recorda-lobligatorietat-de-lus-de-mascaretes-a-tota-la-poblacio-a-partir-de-6-anys\/","title":{"rendered":"La Regidoria de Sanitat de l&#8217;Ajuntament de Bu\u00f1ol recorda l&#8217;obligatorietat de l&#8217;\u00fas de mascaretes a tota la poblaci\u00f3 a partir de 6 anys"},"content":{"rendered":"\n<p><strong>\u00c9s obligatori en la via p\u00fablica, en espais a l&#8217;aire lliure i en qualsevol espai tancat d&#8217;\u00fas p\u00fablic o que es trobe obert el p\u00fablic, sempre que no siga possible mantindre una dist\u00e0ncia de seguretat interpersonal del menys dos metres<\/strong><\/p>\n\n\n\n<p>Mati Mas, regidora de Sanitat de l&#8217;Ajuntament de Bunyol, informa la poblaci\u00f3 de l&#8217;obligatorietat en l&#8217;\u00fas de les m\u00e0scares en tota la poblaci\u00f3 major de 6 anys. Des de l&#8217;Ajuntament s&#8217;ha llan\u00e7at una campanya visual en qu\u00e8 informa tota la poblaci\u00f3 d&#8217;esta norma que s&#8217;ha de seguir.<\/p>\n\n\n\n<p>Diuen que l&#8217;\u00fas de m\u00e0scares \u00e9s obligatori en la via p\u00fablica, en espais a l&#8217;aire lliure i en qualsevol espai tancat d&#8217;\u00fas p\u00fablic o que es trobe obert el p\u00fablic, sempre que no siga possible mantindre una dist\u00e0ncia de seguretat interpersonal del menys dos metres. L&#8217;obligatori per a totes les persones de sis anys d&#8217;ara en avant, sent recomanable el seu \u00fas per a la poblaci\u00f3 infantil d&#8217;entre tres i cinc anys.<\/p>\n\n\n\n<p>Mes va tornar a incidir en el compliment de totes les normes entre la poblaci\u00f3, i no sols en esta Fase 1, sin\u00f3 d&#8217;ara en avant perqu\u00e8 &#8220;el virus seguix ac\u00ed, a pesar que les dades sanit\u00e0ries, d&#8217;ingressos i difunts, estiguen descendint. Sempre cal mantindre la dist\u00e0ncia de seguretat, que \u00e9s la nostra millor defensa enfront del virus, i l\u00f2gicament amb l&#8217;\u00fas de m\u00e0scares i una correcta higiene de mans i cara podrem parar-ho. Encara que siga molt molesta la m\u00e0scara i m\u00e9s amb la calor, \u00e9s obligatori el seu \u00fas. Cal conscienciar-nos i viure amb ello&#8221;, va finalitzar l&#8217;edil bunyolense.<\/p>\n","protected":false},"excerpt":{"rendered":"<div class=\"mh-excerpt\">\u00c9s obligatori en la via p\u00fablica, en espais a l&#8217;aire lliure i en qualsevol espai tancat d&#8217;\u00fas p\u00fablic o que es trobe obert el p\u00fablic, sempre que no siga possible mantindre una dist\u00e0ncia de seguretat <a class=\"mh-excerpt-more\" href=\"https:\/\/www.tucomarca.com\/wordpress\/segunda\/ca\/la-regidoria-de-sanitat-de-lajuntament-de-bunol-recorda-lobligatorietat-de-lus-de-mascaretes-a-tota-la-poblacio-a-partir-de-6-anys\/\" title=\"La Regidoria de Sanitat de l&#8217;Ajuntament de Bu\u00f1ol recorda l&#8217;obligatorietat de l&#8217;\u00fas de mascaretes a tota la poblaci\u00f3 a partir de 6 anys\">[+] <\/a><\/div>\n","protected":false},"author":12,"featured_media":107016,"comment_status":"open","ping_status":"open","sticky":false,"template":"","format":"standard","meta":{"footnotes":""},"categories":[10911,11010,10948,10894,10912,10903,10947,10896,10897],"tags":[5335,11937,11938,5952,12160],"class_list":{"0":"post-107017","1":"post","2":"type-post","3":"status-publish","4":"format-standard","5":"has-post-thumbnail","7":"category-bunol-ca","8":"category-canal-salud","9":"category-infraestructuras-ca","10":"category-la-comarca-ca","11":"category-la-hoya-ca","12":"category-medio-ambiente-la-comarca-ca","13":"category-politica","14":"category-seccion-ca","15":"category-sucesos-la-comarca-ca","16":"tag-ayuntamiento-de-bunol","17":"tag-coronavirus","18":"tag-covid-19","19":"tag-la-hoya-de-bunol-chiva","20":"tag-mascarillas"},"_links":{"self":[{"href":"https:\/\/www.tucomarca.com\/wordpress\/segunda\/ca\/wp-json\/wp\/v2\/posts\/107017","targetHints":{"allow":["GET"]}}],"collection":[{"href":"https:\/\/www.tucomarca.com\/wordpress\/segunda\/ca\/wp-json\/wp\/v2\/posts"}],"about":[{"href":"https:\/\/www.tucomarca.com\/wordpress\/segunda\/ca\/wp-json\/wp\/v2\/types\/post"}],"author":[{"embeddable":true,"href":"https:\/\/www.tucomarca.com\/wordpress\/segunda\/ca\/wp-json\/wp\/v2\/users\/12"}],"replies":[{"embeddable":true,"href":"https:\/\/www.tucomarca.com\/wordpress\/segunda\/ca\/wp-json\/wp\/v2\/comments?post=107017"}],"version-history":[{"count":0,"href":"https:\/\/www.tucomarca.com\/wordpress\/segunda\/ca\/wp-json\/wp\/v2\/posts\/107017\/revisions"}],"wp:featuredmedia":[{"embeddable":true,"href":"https:\/\/www.tucomarca.com\/wordpress\/segunda\/ca\/wp-json\/wp\/v2\/media\/107016"}],"wp:attachment":[{"href":"https:\/\/www.tucomarca.com\/wordpress\/segunda\/ca\/wp-json\/wp\/v2\/media?parent=107017"}],"wp:term":[{"taxonomy":"category","embeddable":true,"href":"https:\/\/www.tucomarca.com\/wordpress\/segunda\/ca\/wp-json\/wp\/v2\/categories?post=107017"},{"taxonomy":"post_tag","embeddable":true,"href":"https:\/\/www.tucomarca.com\/wordpress\/segunda\/ca\/wp-json\/wp\/v2\/tags?post=107017"}],"curies":[{"name":"wp","href":"https:\/\/api.w.org\/{rel}","templated":true}]}}