{"id":107052,"date":"2020-05-24T13:07:10","date_gmt":"2020-05-24T11:07:10","guid":{"rendered":"http:\/\/www.tucomarca.com\/wordpress\/segunda\/?p=107052"},"modified":"2020-05-25T13:12:23","modified_gmt":"2020-05-25T11:12:23","slug":"riba-roja-agilitza-el-pagament-als-proveidors-de-lajuntament-durant-el-covid-19-i-aconseguix-els-25-milions-deuros-abonats","status":"publish","type":"post","link":"https:\/\/www.tucomarca.com\/wordpress\/segunda\/ca\/riba-roja-agilitza-el-pagament-als-proveidors-de-lajuntament-durant-el-covid-19-i-aconseguix-els-25-milions-deuros-abonats\/","title":{"rendered":"Riba-roja agilitza el pagament als prove\u00efdors de l&#8217;ajuntament durant el Covid-19 i aconseguix els 2&#8217;5 milions d&#8217;euros abonats"},"content":{"rendered":"\n<p><strong>L&#8217;ajuntament va efectuar ahir pagaments per valor de 910.362 euros<\/strong><\/p>\n\n\n\n<p>L&#8217;Ajuntament de Riba-roja de T\u00faria ha agilitzat els tr\u00e0mits i el procediment per als pagaments als prove\u00efdors durant els mesos en qu\u00e8 est\u00e0 vigent l&#8217;Estat d&#8217;Alarma pel Covid-19 i ha aconseguit ja els 2&#8217;5 milions d&#8217;euros entre mar\u00e7 i maig d&#8217;enguany. Amb estes xifres el consistori ha efectuat pagaments per valor de fins als 5&#8217;4 milions d&#8217;euros des d&#8217;inicis d&#8217;enguany 2020.&nbsp;<\/p>\n\n\n\n<p>L&#8217;equip de govern del PSPV de Riba-roja de T\u00faria ha augmentat la rapidesa i l&#8217;efic\u00e0cia des de l&#8217;inici de la crisi sanit\u00e0ria per la irrupci\u00f3 de la pand\u00e8mia perqu\u00e8 tots els prove\u00efdors de l&#8217;ajuntament puguen cobrar els seus servicis en terminis de temps m\u00e9s breus conscients de les dificultats que els retards en la seua execuci\u00f3 poden desembocar en les empreses.<\/p>\n\n\n\n<p>D&#8217;aquesta manera, ahir divendres es van arribar a efectuar pagaments per valor de 910.362 euros en total en una sola jornada, una xifra que suposa el r\u00e8cord en el que portem d&#8217;any a Riba-roja de T\u00faria en els pagaments i en els terminis amb les empreses prove\u00efdors de l&#8217;ajuntament. L&#8217;anterior pagament m\u00e9s alt durant l&#8217;any 2020 cal buscar-ho en el passat 15 de gener quan es van ordenar altres pagaments per valor de 845.726 euros.<\/p>\n\n\n\n<p>Amb estes xifres, l&#8217;Ajuntament de Riba-roja de T\u00faria ha abonat fins al moment en el que portem d&#8217;any 2020 un total de 5&#8217;4 milions d&#8217;euros als prove\u00efdors per al pagament dels servicis i els productes sol\u00b7licitats per l&#8217;administraci\u00f3 local amb l&#8217;\u00e0nim que estes empreses puguen fer front, al seu torn, al funcionament intern de les mateixes.<\/p>\n\n\n\n<p>L&#8217;actual pressupost econ\u00f2mic aprovat per l&#8217;equip de govern de l&#8217;PSPV de Riba-roja de T\u00faria per a l&#8217;any 2020 est\u00e0 xifrat en un total de 29&#8217;5 milions d&#8217;euros, un 12&#8217;55% m\u00e9s que els comptes de l&#8217;any precedent en el qual es van executar 26&#8217;2 milions d&#8217;euros. Aquesta expansi\u00f3 dels comptes econ\u00f2mics municipals ha estat possible a l&#8217;increment notable de les transfer\u00e8ncies i les subvencions p\u00fablics procedents d&#8217;altres institucions, tant provincial com auton\u00f2mic i estatal.<\/p>\n\n\n\n<p>Cal destacar les iniciatives que ha dut a terme l&#8217;Ajuntament de Riba-roja de T\u00faria des del comen\u00e7ament de la crisi per la pand\u00e8mia amb un augment de la despesa directa fins a completar una xifra que arriba als 254.500 euros en diverses \u00e0rees afectades com els Serveis Socials i la Salut, Seguretat i Ordre P\u00fablic, els Serveis de neteja i desinfecci\u00f3, Ind\u00fastria i Comer\u00e7 i, finalment, la tecnologia i la inform\u00e0tica.<\/p>\n\n\n\n<p>A aquesta quantitat cal afegir els 670.000 euros en total que el govern municipal ha destinat a pal\u00b7liar els efectes de la crisi entre els comer\u00e7os, els aut\u00f2noms, els professionals i les microempreses amb una injecci\u00f3 d&#8217;ajudes directes a cada un d&#8217;aquests col\u00b7lectius amb unes xifres de fins a 2.000 euros que s\u00f3n compatibles amb les concedides per la Generalitat i l&#8217;Estat.<\/p>\n\n\n\n<p>L&#8217;alcalde de Riba-roja de T\u00faria, Robert Raga, ha afirmat que les dades econ\u00f2miques d&#8217;aquests tres mesos &#8220;s\u00f3n aclaridors sobre el treball i la implicaci\u00f3 dels empleats dels diversos departaments municipals per atendre les necessitats de les persones que m\u00e9s ho requereixen , aix\u00ed com la rapidesa i agilitat en el pagament de les factures dels prove\u00efdors dels serveis i els productes &#8220;.<\/p>\n","protected":false},"excerpt":{"rendered":"<div class=\"mh-excerpt\">L&#8217;ajuntament va efectuar ahir pagaments per valor de 910.362 euros L&#8217;Ajuntament de Riba-roja de T\u00faria ha agilitzat els tr\u00e0mits i el procediment per als pagaments als prove\u00efdors durant els mesos en qu\u00e8 est\u00e0 vigent l&#8217;Estat <a class=\"mh-excerpt-more\" href=\"https:\/\/www.tucomarca.com\/wordpress\/segunda\/ca\/riba-roja-agilitza-el-pagament-als-proveidors-de-lajuntament-durant-el-covid-19-i-aconseguix-els-25-milions-deuros-abonats\/\" title=\"Riba-roja agilitza el pagament als prove\u00efdors de l&#8217;ajuntament durant el Covid-19 i aconseguix els 2&#8217;5 milions d&#8217;euros abonats\">[+] <\/a><\/div>\n","protected":false},"author":12,"featured_media":106520,"comment_status":"open","ping_status":"open","sticky":false,"template":"","format":"standard","meta":{"footnotes":""},"categories":[10892,11010,10948,10894,10903,10947,10906,10896,10897],"tags":[10899,11939,11940,11952],"class_list":{"0":"post-107052","1":"post","2":"type-post","3":"status-publish","4":"format-standard","5":"has-post-thumbnail","7":"category-camp-de-turia-ca","8":"category-canal-salud","9":"category-infraestructuras-ca","10":"category-la-comarca-ca","11":"category-medio-ambiente-la-comarca-ca","12":"category-politica","13":"category-riba-roja-ca","14":"category-seccion-ca","15":"category-sucesos-la-comarca-ca","16":"tag-camp-de-turia-ca","17":"tag-coronavirus-ca","18":"tag-covid-19-ca","19":"tag-covid2019-ca"},"_links":{"self":[{"href":"https:\/\/www.tucomarca.com\/wordpress\/segunda\/ca\/wp-json\/wp\/v2\/posts\/107052","targetHints":{"allow":["GET"]}}],"collection":[{"href":"https:\/\/www.tucomarca.com\/wordpress\/segunda\/ca\/wp-json\/wp\/v2\/posts"}],"about":[{"href":"https:\/\/www.tucomarca.com\/wordpress\/segunda\/ca\/wp-json\/wp\/v2\/types\/post"}],"author":[{"embeddable":true,"href":"https:\/\/www.tucomarca.com\/wordpress\/segunda\/ca\/wp-json\/wp\/v2\/users\/12"}],"replies":[{"embeddable":true,"href":"https:\/\/www.tucomarca.com\/wordpress\/segunda\/ca\/wp-json\/wp\/v2\/comments?post=107052"}],"version-history":[{"count":0,"href":"https:\/\/www.tucomarca.com\/wordpress\/segunda\/ca\/wp-json\/wp\/v2\/posts\/107052\/revisions"}],"wp:featuredmedia":[{"embeddable":true,"href":"https:\/\/www.tucomarca.com\/wordpress\/segunda\/ca\/wp-json\/wp\/v2\/media\/106520"}],"wp:attachment":[{"href":"https:\/\/www.tucomarca.com\/wordpress\/segunda\/ca\/wp-json\/wp\/v2\/media?parent=107052"}],"wp:term":[{"taxonomy":"category","embeddable":true,"href":"https:\/\/www.tucomarca.com\/wordpress\/segunda\/ca\/wp-json\/wp\/v2\/categories?post=107052"},{"taxonomy":"post_tag","embeddable":true,"href":"https:\/\/www.tucomarca.com\/wordpress\/segunda\/ca\/wp-json\/wp\/v2\/tags?post=107052"}],"curies":[{"name":"wp","href":"https:\/\/api.w.org\/{rel}","templated":true}]}}