{"id":107070,"date":"2020-05-24T14:47:13","date_gmt":"2020-05-24T12:47:13","guid":{"rendered":"http:\/\/www.tucomarca.com\/wordpress\/segunda\/?p=107070"},"modified":"2020-05-25T14:42:00","modified_gmt":"2020-05-25T12:42:00","slug":"ximo-puig-sollicitara-que-la-comunitat-passe-a-la-fase-2-l1-de-juny-i-planteja-a-el-govern-que-el-cost-de-les-mascaretes-no-cause-desigualtat-entre-families","status":"publish","type":"post","link":"https:\/\/www.tucomarca.com\/wordpress\/segunda\/ca\/ximo-puig-sollicitara-que-la-comunitat-passe-a-la-fase-2-l1-de-juny-i-planteja-a-el-govern-que-el-cost-de-les-mascaretes-no-cause-desigualtat-entre-families\/","title":{"rendered":"Ximo Puig sol\u00b7licitar\u00e0 que la Comunitat passe a la fase 2 l&#8217;1 de juny i planteja a el Govern que el cost de les mascaretes no cause desigualtat entre fam\u00edlies"},"content":{"rendered":"\n<p><strong>El president demana un marc legal per a la reactivaci\u00f3 econ\u00f2mica que permeta donar seguretat i facilitar la inversi\u00f3 i la col\u00b7laboraci\u00f3 publicoprivada&nbsp;<\/strong><\/p>\n\n\n\n<p><strong>Proposa la creaci\u00f3 d&#8217;un centre estatal de salut p\u00fablica, amb pres\u00e8ncia de les comunitats, i proposa avan\u00e7ar &#8220;al m\u00e0xim&#8221; en la capacitat de les autonomies de desenvolupar la desescalada aplicant el principi de subsidiarietat&nbsp;<\/strong><\/p>\n\n\n\n<p><strong>Reivindica la necessitat d&#8217;un gran acord social per la recuperaci\u00f3 i assenyala que, per a aix\u00f2, cal actuar &#8220;guiats pel patriotisme i no pel partidisme&#8221;<\/strong><\/p>\n\n\n\n<p>El president de la Generalitat, Ximo Puig, ha anunciat que la setmana que ve la Conselleria de Sanitat Universal i Salut P\u00fablica presentar\u00e0 la documentaci\u00f3 per a sol\u00b7licitar que el conjunt de la Comunitat Valenciana passe a la fase 2 a partir de l&#8217;1 de juny i tamb\u00e9 ha plantejat al Govern central la necessitat d&#8217;abordar amb les comunitats l&#8217;adopci\u00f3 de mesures per a garantir la igualtat de les fam\u00edlies en l&#8217;acc\u00e9s a les m\u00e0scares.&nbsp;<\/p>\n\n\n\n<p>Aix\u00ed ho ha avan\u00e7at durant la seua compareixen\u00e7a davant dels mitjans de comunicaci\u00f3 despr\u00e9s de l&#8217;onzena reuni\u00f3 que ha mantingut amb el president del Govern, Pedro S\u00e1nchez, i amb la resta de presidents i presidentes de les comunitats aut\u00f2nomes per a abordar la situaci\u00f3 de la pand\u00e8mia de COVID-19.&nbsp;<\/p>\n\n\n\n<p>El president ha subratllat que les dades sanit\u00e0ries i les recomanacions de persones expertes aconsellaven aquesta setmana consolidar la situaci\u00f3 i no demanar la progressi\u00f3 a la fase 2 a partir del 25 de maig. Es va decidir &#8220;per prud\u00e8ncia, per responsabilitat i per no anar cap arrere en aquesta desescalada&#8221;.&nbsp;<\/p>\n\n\n\n<p>No obstant aix\u00f2, ara, despr\u00e9s de la bona evoluci\u00f3 sanit\u00e0ria constatada aquesta setmana, a partir d&#8217;aquest mateix dilluns es presentar\u00e0 la documentaci\u00f3 per a sol\u00b7licitar que tota la Comunitat puga entrar en la fase 2 a partir de l&#8217;1 de juny.&nbsp;<\/p>\n\n\n\n<p>&#8220;Aix\u00ed tindrem la garantia necess\u00e0ria per a una reactivaci\u00f3 m\u00e9s robusta, m\u00e9s vigorosa, perqu\u00e8 \u00e9s molt el que ens juguem. Per aix\u00f2, ha afegit &#8220;anem pas a pas&#8221; i &#8220;amb prud\u00e8ncia, amb confian\u00e7a, amb responsabilitat&#8221;, ja que la Generalitat &#8220;mai ser\u00e0 imprudent&#8221; amb la salut de la ciutadania.&nbsp;<\/p>\n\n\n\n<p>El president ha explicat que l&#8217;evoluci\u00f3 de la pand\u00e8mia \u00e9s clarament positiva a la Comunitat Valenciana, com ho demostra el fet que, en els \u00faltims 15 dies, han augmentat un 23 % les altes, s&#8217;han redu\u00eft les persones hospitalitzades a menys de la meitat i, a m\u00e9s, el nombre de persones ingressades en les UCI s\u00f3n 32, una tercera part de les que hi havia fa dues setmanes.&nbsp;<\/p>\n\n\n\n<p>Respecte de la incid\u00e8ncia en els \u00faltims 14 dies, ha subratllat que la mitjana de casos continua sent 2,5 vegades inferior a l&#8217;estatal. &#8220;Som la segona comunitat que m\u00e9s ha incrementat el nombre de PCR: un 20 % m\u00e9s en la setmana passada. I hem descobert un fet interessant: de les 5.300 proves realitzades entre el dijous i el divendres, nom\u00e9s un 7 % de casos van ser positius. A\u00e7\u00f2 ens indica que la transmissi\u00f3 \u00e9s baixa i que som capa\u00e7os d&#8217;anar detectant-la di\u00e0riament&#8221;, ha defensat.&nbsp;<\/p>\n\n\n\n<p>&#8220;Si b\u00e9 s&#8217;ha detectat un repunt en l&#8217;\u00edndex de reproducci\u00f3 del virus que ens obliga a ser prudents&#8221;, la situaci\u00f3 &#8220;\u00e9s m\u00e9s favorable que fa dues setmanes i que la setmana passada&#8221;, ha afegit.&nbsp;<\/p>\n\n\n\n<p><strong>Garantir la igualtat en l&#8217;acc\u00e9s a les m\u00e0scares<\/strong><\/p>\n\n\n\n<p>Puig ha defensat en la confer\u00e8ncia de presidents i presidentes que el Govern i les comunitats aut\u00f2nomes han de &#8220;trobar una soluci\u00f3&#8221; per al cost econ\u00f2mic que comporta l&#8217;\u00fas obligatori de les m\u00e0scares. &#8220;La pand\u00e8mia no pot agreujar les desigualtats. No podem deixar en hibernaci\u00f3 el principi d&#8217;igualtat que inspira el nostre model social&#8221;, ha reivindicat.&nbsp;<\/p>\n\n\n\n<p>&#8220;Hem de buscar una soluci\u00f3&#8221;, ha dit Puig respecte d&#8217;aix\u00f2, que ha advocat per &#8220;una corresponsabilitat m\u00fatua&#8221;. &#8220;La gent est\u00e0 fent un esfor\u00e7 per l&#8217;Estat frenant el contagi. Ara, l&#8217;Estat ha de fer un esfor\u00e7 per la gent en aquesta q\u00fcesti\u00f3&#8221;.&nbsp;<\/p>\n\n\n\n<p>El cap del Consell tamb\u00e9 ha plantejat en la reuni\u00f3 la necessitat de configurar un marc legal per a la reactivaci\u00f3 econ\u00f2mica que permeta donar seguretat i facilitar la inversi\u00f3 i la col\u00b7laboraci\u00f3 publicoprivada.&nbsp;<\/p>\n\n\n\n<p>A m\u00e9s, el president ha demanat la creaci\u00f3 d&#8217;un centre estatal de salut p\u00fablica amb pres\u00e8ncia i participaci\u00f3 de les comunitats aut\u00f2nomes per a disposar de m\u00e9s capacitat de reacci\u00f3 davant de les epid\u00e8mies.&nbsp;<\/p>\n\n\n\n<p><strong>M\u00e9s capacitat de decisi\u00f3 de les autonomies<\/strong><\/p>\n\n\n\n<p>Puig s&#8217;ha mostrat partidari, d&#8217;altra banda, de mantindre l&#8217;actual marc d&#8217;estat d&#8217;alarma i d&#8217;unitat d&#8217;acci\u00f3 en l&#8217;\u00faltim tram de la desescalada, at\u00e9s que la contenci\u00f3 de la mobilitat ha sigut decisiva per a frenar el contagi.&nbsp;<\/p>\n\n\n\n<p>Al mateix temps, ha sol\u00b7licitat &#8220;avan\u00e7ar al m\u00e0xim en una capacitat de decisi\u00f3 superior de les comunitats aut\u00f2nomes&#8221;. En aquest punt, ha advocat per la &#8220;m\u00e0xima subsidiarietat possible&#8221;, ja que en cada territori hi ha &#8220;realitats diferents&#8221;.&nbsp;<\/p>\n\n\n\n<p>Sobre aquest assumpte, Puig ha precisat que el president del Govern s&#8217;ha mostrat receptiu a &#8220;descentralitzar m\u00e9s q\u00fcestions que no hagen de residenciar-se necess\u00e0riament en el Govern central&#8221;, com les franges hor\u00e0ries per a la pr\u00e0ctica d&#8217;activitats, l&#8217;\u00fas de les platges o els l\u00edmits provincials i per municipis.&nbsp;<\/p>\n\n\n\n<p>Puig tamb\u00e9 s&#8217;ha referit a la necessitat d&#8217;avan\u00e7ar en un acord que implique el conjunt de la societat i els partits pol\u00edtics en la recuperaci\u00f3 econ\u00f2mica de la Comunitat. En aquest sentit, ha recordat que aquest mateix dilluns comen\u00e7ar\u00e0 un proc\u00e9s intens amb la primera reuni\u00f3 de la Mesa General del Di\u00e0leg Social.&nbsp;<\/p>\n\n\n\n<p>&#8220;Coneixen la meua convicci\u00f3 com a president: els avan\u00e7os que m\u00e9s quallen deriven sempre de l&#8217;acord adoptat en el marc del di\u00e0leg social. Tornem-ho a fer. Ara \u00e9s m\u00e9s necessari que mai. A la Comunitat Valenciana, i tamb\u00e9 a Espanya&#8221;, ha dit Puig, que ha demanat tindre un &#8220;ull posat en el curt termini, per a al\u00e7ar-nos de l&#8217;impacte rebut, i un altre ull que mire cap als canvis estructurals&#8221;.&nbsp;<\/p>\n\n\n\n<p>Puig s&#8217;ha referit tamb\u00e9 a la import\u00e0ncia dels treballs de la Comissi\u00f3 Parlament\u00e0ria per la Reconstrucci\u00f3 de la Comunitat i a l&#8217;estudi que ha aportat l&#8217;Institut Valenci\u00e0 d&#8217;Investigacions Econ\u00f2miques, per enc\u00e0rrec de la Generalitat, en el qual es demana &#8220;treballar junts i units per l&#8217;inter\u00e9s general&#8221;.&nbsp;<\/p>\n\n\n\n<p><strong>La &#8220;calculadora dels r\u00e8dits&#8221; electorals<\/strong><\/p>\n\n\n\n<p>&#8220;Aquesta \u00e9s la clau. Aquesta \u00e9s la nostra obligaci\u00f3: parlar i acordar&#8221; perqu\u00e8 &#8220;quan les fam\u00edlies i les empreses trauen la calculadora per a veure com afrontaran el mes, no seria \u00e8tic que ning\u00fa traguera la calculadora per a veure els r\u00e8dits que obtindr\u00e0&#8221;, ha subratllat el president, que ha instat a actuar &#8220;guiats pel patriotisme, no pel partidisme&#8221;.&nbsp;<\/p>\n\n\n\n<p>Puig ha celebrat, aix\u00ed mateix, la decisi\u00f3 del Govern d&#8217;obrir el territori espanyol al turisme estranger al juliol i ha insistit en el fet que la millor garantia per a la recuperaci\u00f3 del turisme \u00e9s un espai Schengen sanitari que permeta dotar dels mateixos protocols i criteris de seguretat els pa\u00efsos.&nbsp;<\/p>\n\n\n\n<p>El president ha avan\u00e7at, a m\u00e9s, que aquesta setmana que ve la Generalitat publicar\u00e0 les dades per municipis de l&#8217;extensi\u00f3 de la pand\u00e8mia.<\/p>\n","protected":false},"excerpt":{"rendered":"<div class=\"mh-excerpt\">El president demana un marc legal per a la reactivaci\u00f3 econ\u00f2mica que permeta donar seguretat i facilitar la inversi\u00f3 i la col\u00b7laboraci\u00f3 publicoprivada&nbsp; Proposa la creaci\u00f3 d&#8217;un centre estatal de salut p\u00fablica, amb pres\u00e8ncia de <a class=\"mh-excerpt-more\" href=\"https:\/\/www.tucomarca.com\/wordpress\/segunda\/ca\/ximo-puig-sollicitara-que-la-comunitat-passe-a-la-fase-2-l1-de-juny-i-planteja-a-el-govern-que-el-cost-de-les-mascaretes-no-cause-desigualtat-entre-families\/\" title=\"Ximo Puig sol\u00b7licitar\u00e0 que la Comunitat passe a la fase 2 l&#8217;1 de juny i planteja a el Govern que el cost de les mascaretes no cause desigualtat entre fam\u00edlies\">[+] <\/a><\/div>\n","protected":false},"author":12,"featured_media":107069,"comment_status":"open","ping_status":"open","sticky":false,"template":"","format":"standard","meta":{"footnotes":""},"categories":[11010,10898,10948,10894,10904,10903,10947,10896,10897],"tags":[11937,11938,10716,2972],"class_list":{"0":"post-107070","1":"post","2":"type-post","3":"status-publish","4":"format-standard","5":"has-post-thumbnail","7":"category-canal-salud","8":"category-ventana-ca","9":"category-infraestructuras-ca","10":"category-la-comarca-ca","11":"category-sin-categorizar-ca","12":"category-medio-ambiente-la-comarca-ca","13":"category-politica","14":"category-seccion-ca","15":"category-sucesos-la-comarca-ca","16":"tag-coronavirus","17":"tag-covid-19","18":"tag-generalitat-valenciana","19":"tag-ximo-puig"},"_links":{"self":[{"href":"https:\/\/www.tucomarca.com\/wordpress\/segunda\/ca\/wp-json\/wp\/v2\/posts\/107070","targetHints":{"allow":["GET"]}}],"collection":[{"href":"https:\/\/www.tucomarca.com\/wordpress\/segunda\/ca\/wp-json\/wp\/v2\/posts"}],"about":[{"href":"https:\/\/www.tucomarca.com\/wordpress\/segunda\/ca\/wp-json\/wp\/v2\/types\/post"}],"author":[{"embeddable":true,"href":"https:\/\/www.tucomarca.com\/wordpress\/segunda\/ca\/wp-json\/wp\/v2\/users\/12"}],"replies":[{"embeddable":true,"href":"https:\/\/www.tucomarca.com\/wordpress\/segunda\/ca\/wp-json\/wp\/v2\/comments?post=107070"}],"version-history":[{"count":0,"href":"https:\/\/www.tucomarca.com\/wordpress\/segunda\/ca\/wp-json\/wp\/v2\/posts\/107070\/revisions"}],"wp:featuredmedia":[{"embeddable":true,"href":"https:\/\/www.tucomarca.com\/wordpress\/segunda\/ca\/wp-json\/wp\/v2\/media\/107069"}],"wp:attachment":[{"href":"https:\/\/www.tucomarca.com\/wordpress\/segunda\/ca\/wp-json\/wp\/v2\/media?parent=107070"}],"wp:term":[{"taxonomy":"category","embeddable":true,"href":"https:\/\/www.tucomarca.com\/wordpress\/segunda\/ca\/wp-json\/wp\/v2\/categories?post=107070"},{"taxonomy":"post_tag","embeddable":true,"href":"https:\/\/www.tucomarca.com\/wordpress\/segunda\/ca\/wp-json\/wp\/v2\/tags?post=107070"}],"curies":[{"name":"wp","href":"https:\/\/api.w.org\/{rel}","templated":true}]}}