{"id":107080,"date":"2020-05-25T14:43:20","date_gmt":"2020-05-25T12:43:20","guid":{"rendered":"http:\/\/www.tucomarca.com\/wordpress\/segunda\/?p=107080"},"modified":"2020-05-25T14:43:23","modified_gmt":"2020-05-25T12:43:23","slug":"cancellada-la-fira-del-llibre-de-requena","status":"publish","type":"post","link":"https:\/\/www.tucomarca.com\/wordpress\/segunda\/ca\/cancellada-la-fira-del-llibre-de-requena\/","title":{"rendered":"Cancel\u00b7lada la Fira del Llibre de Requena"},"content":{"rendered":"\n<p><strong>Alguns dels actes programats com les presentacions de llibres i animaci\u00f3 lectora se n&#8217;aniran desenrotllant al llarg de l&#8217;any quan les condicions permeten celebrar-los amb una certa normalitat<\/strong><\/p>\n\n\n\n<p>Tenint en compte les actuals circumst\u00e0ncies, s&#8217;ha decidit cancel\u00b7lar la XXXVI edici\u00f3 de la Fira de el Llibre de Requena, que estava previst desenvolupar de el 10 a el 14 de juny de 2020.<\/p>\n\n\n\n<p>La dita cancel\u00b7laci\u00f3, es deu fonamentalment al fet que les condicions actuals de crisi sanit\u00e0ria pel COVID-19 i la pr\u00f2rroga de l&#8217;estat d&#8217;alarma impedeixen realitzar una Fira de el Llibre de Requena a l&#8217;altura de les seues predecessores i tal com \u00e9s habitual en les seues edicions anteriors.<\/p>\n\n\n\n<p>No obstant aix\u00f2, alguns dels actes programats com les presentacions de llibres i animaci\u00f3 lectora s&#8217;aniran desenvolupant al llarg de l&#8217;any quan les condicions els permeten celebrar amb certa normalitat.<br><\/p>\n\n\n\n<p>El M.I. Ajuntament de Requena sent cancel\u00b7lar un esdeveniment tan estimat pels i les requenenses, i expressa el seu ferm desig que torne el proper any 2021 amb renovats empenta al calendari habitual com una de les grans cites culturals de la ciutat i comarca.<\/p>\n\n\n\n<p>D&#8217;altra banda, cal assenyalar que s&#8217;est\u00e0 impulsant la compra de novetats lliuraries a la Biblioteca P\u00fablica de Requena, que ja disposa de servei obert de pr\u00e9stec i devoluci\u00f3.<\/p>\n\n\n\n<p>A m\u00e9s, el programa eBiblio a qu\u00e8 poden accedir els socis i s\u00f2cies de la biblioteca de la localitat ha incorporat 507 novetats en llibres electr\u00f2nics a la seua ja de per si ampli cat\u00e0leg.<\/p>\n","protected":false},"excerpt":{"rendered":"<div class=\"mh-excerpt\">Alguns dels actes programats com les presentacions de llibres i animaci\u00f3 lectora se n&#8217;aniran desenrotllant al llarg de l&#8217;any quan les condicions permeten celebrar-los amb una certa normalitat Tenint en compte les actuals circumst\u00e0ncies, s&#8217;ha <a class=\"mh-excerpt-more\" href=\"https:\/\/www.tucomarca.com\/wordpress\/segunda\/ca\/cancellada-la-fira-del-llibre-de-requena\/\" title=\"Cancel\u00b7lada la Fira del Llibre de Requena\">[+] <\/a><\/div>\n","protected":false},"author":12,"featured_media":107079,"comment_status":"open","ping_status":"open","sticky":false,"template":"","format":"standard","meta":{"footnotes":""},"categories":[11010,10948,10894,11007,10947,10908,10909,10896,10897],"tags":[10574,11937,11938,12163,10387],"class_list":{"0":"post-107080","1":"post","2":"type-post","3":"status-publish","4":"format-standard","5":"has-post-thumbnail","7":"category-canal-salud","8":"category-infraestructuras-ca","9":"category-la-comarca-ca","10":"category-ocio-y-cultura-ca","11":"category-politica","12":"category-requena-ca","13":"category-requena-utiel-ca","14":"category-seccion-ca","15":"category-sucesos-la-comarca-ca","16":"tag-ayuntamiento-de-utiel","17":"tag-coronavirus","18":"tag-covid-19","19":"tag-feria-del-libro-de-requena","20":"tag-requena-utiel"},"_links":{"self":[{"href":"https:\/\/www.tucomarca.com\/wordpress\/segunda\/ca\/wp-json\/wp\/v2\/posts\/107080","targetHints":{"allow":["GET"]}}],"collection":[{"href":"https:\/\/www.tucomarca.com\/wordpress\/segunda\/ca\/wp-json\/wp\/v2\/posts"}],"about":[{"href":"https:\/\/www.tucomarca.com\/wordpress\/segunda\/ca\/wp-json\/wp\/v2\/types\/post"}],"author":[{"embeddable":true,"href":"https:\/\/www.tucomarca.com\/wordpress\/segunda\/ca\/wp-json\/wp\/v2\/users\/12"}],"replies":[{"embeddable":true,"href":"https:\/\/www.tucomarca.com\/wordpress\/segunda\/ca\/wp-json\/wp\/v2\/comments?post=107080"}],"version-history":[{"count":0,"href":"https:\/\/www.tucomarca.com\/wordpress\/segunda\/ca\/wp-json\/wp\/v2\/posts\/107080\/revisions"}],"wp:featuredmedia":[{"embeddable":true,"href":"https:\/\/www.tucomarca.com\/wordpress\/segunda\/ca\/wp-json\/wp\/v2\/media\/107079"}],"wp:attachment":[{"href":"https:\/\/www.tucomarca.com\/wordpress\/segunda\/ca\/wp-json\/wp\/v2\/media?parent=107080"}],"wp:term":[{"taxonomy":"category","embeddable":true,"href":"https:\/\/www.tucomarca.com\/wordpress\/segunda\/ca\/wp-json\/wp\/v2\/categories?post=107080"},{"taxonomy":"post_tag","embeddable":true,"href":"https:\/\/www.tucomarca.com\/wordpress\/segunda\/ca\/wp-json\/wp\/v2\/tags?post=107080"}],"curies":[{"name":"wp","href":"https:\/\/api.w.org\/{rel}","templated":true}]}}