{"id":107091,"date":"2020-05-25T19:53:07","date_gmt":"2020-05-25T17:53:07","guid":{"rendered":"http:\/\/www.tucomarca.com\/wordpress\/segunda\/?p=107091"},"modified":"2020-05-25T19:53:08","modified_gmt":"2020-05-25T17:53:08","slug":"la-diputacio-reobrira-al-transit-la-cv-363-entre-losilla-i-ademuz-a-la-fi-de-juliol-despres-de-la-reconstruccio-de-la-via","status":"publish","type":"post","link":"https:\/\/www.tucomarca.com\/wordpress\/segunda\/ca\/la-diputacio-reobrira-al-transit-la-cv-363-entre-losilla-i-ademuz-a-la-fi-de-juliol-despres-de-la-reconstruccio-de-la-via\/","title":{"rendered":"La Diputaci\u00f3 reobrir\u00e0 al tr\u00e0nsit la CV-363 entre Losilla i Ademuz a la fi de juliol despr\u00e9s de la reconstrucci\u00f3 de la via"},"content":{"rendered":"\n<figure class=\"wp-block-image\"><img loading=\"lazy\" decoding=\"async\" width=\"787\" height=\"590\" src=\"http:\/\/www.tucomarca.com\/wordpress\/segunda\/wp-content\/uploads\/2020\/05\/CarreteraAdemuz4.jpg\" alt=\"\" class=\"wp-image-107088\" srcset=\"https:\/\/www.tucomarca.com\/wordpress\/segunda\/wp-content\/uploads\/2020\/05\/CarreteraAdemuz4.jpg 787w, https:\/\/www.tucomarca.com\/wordpress\/segunda\/wp-content\/uploads\/2020\/05\/CarreteraAdemuz4-300x225.jpg 300w, https:\/\/www.tucomarca.com\/wordpress\/segunda\/wp-content\/uploads\/2020\/05\/CarreteraAdemuz4-768x576.jpg 768w, https:\/\/www.tucomarca.com\/wordpress\/segunda\/wp-content\/uploads\/2020\/05\/CarreteraAdemuz4-678x509.jpg 678w, https:\/\/www.tucomarca.com\/wordpress\/segunda\/wp-content\/uploads\/2020\/05\/CarreteraAdemuz4-326x245.jpg 326w, https:\/\/www.tucomarca.com\/wordpress\/segunda\/wp-content\/uploads\/2020\/05\/CarreteraAdemuz4-80x60.jpg 80w\" sizes=\"auto, (max-width: 787px) 100vw, 787px\" \/><\/figure>\n\n\n\n<p><strong>L&#8217;\u00e0rea provincial de Carreteres ha invertit prop de 2 milions d&#8217;euros en les obres d&#8217;emerg\u00e8ncia per a rehabilitar la via, que passa per la Puebla de San Miguel, despr\u00e9s del despreniment del passat estiu<\/strong><\/p>\n\n\n\n<p><strong>El vicepresident i responsable d&#8217;Infraestructures, Rafa Garc\u00eda, destaca la dificultat t\u00e8cnica d&#8217;uns treballs que s&#8217;han basat en \u201cla garantia de seguretat per a treballadors i usuaris\u201d<\/strong><\/p>\n\n\n\n<p>La Diputaci\u00f3 de Val\u00e8ncia t\u00e9 previst reobrir la CV-363 entre Losilla de Aras i Ademuz, per la Puebla de San Miguel, a la fi de juliol, una vegada finalitzades les obres d&#8217;emerg\u00e8ncia per a reconstruir esta carretera despr\u00e9s del despreniment que es va produir el passat estiu, amb la fatal conseq\u00fc\u00e8ncia d&#8217;un accident laboral amb v\u00edctimes mortals.<\/p>\n\n\n\n<p>Des de l&#8217;\u00e0rea de Carreteres i Infraestructures que dirigix Rafa Garc\u00eda s&#8217;avan\u00e7a que esta actuaci\u00f3, amb una inversi\u00f3 final d&#8217;1.985.500 euros, est\u00e0 previst que finalitze a principis de juliol, mentre que la reobertura de la via es produiria a la fi del mateix mes, una vegada reconstru\u00efda la cal\u00e7ada amb les m\u00e0ximes garanties de seguretat en el punt quilom\u00e8tric 2,850, on es va registrar el despreniment.<\/p>\n\n\n\n<p>El vicepresident de la Diputaci\u00f3 i responsable d&#8217;Infraestructures, Rafa Garc\u00eda, explica que el proc\u00e9s de definici\u00f3 de la soluci\u00f3 per a reconstruir la carretera \u201cs&#8217;ha caracteritzat per la dificultat t\u00e8cnica a conseq\u00fc\u00e8ncia de la complexitat geol\u00f2gic-geot\u00e8cnica del vessant en la qual s&#8217;han executat les obres, aix\u00ed com la necessitat de disposar d&#8217;informaci\u00f3 pr\u00e8via adequada per a definir la soluci\u00f3 amb les m\u00e0ximes garanties de seguretat per als treballadors i els usuaris\u201d.<\/p>\n\n\n\n<p>Els treballs van comen\u00e7ar al setembre de 2019 mitjan\u00e7ant la realitzaci\u00f3 d&#8217;una campanya geol\u00f2gic-geot\u00e8cnica de reconeixement del terreny, tenint en compte les dificultats intr\u00ednseques a l&#8217;\u00e0mbit d&#8217;execuci\u00f3 de les obres en el vessant de la vall fluvial del riu Arcos, un entorn d&#8217;accessibilitat de maquin\u00e0ria molt limitada per la geometria del tra\u00e7at, tant en planta com en al\u00e7at, amb corbes redu\u00efdes que impedixen l&#8217;acc\u00e9s de la maquin\u00e0ria habitual de construcci\u00f3.<\/p>\n\n\n\n<p><strong>Nou mur de contenci\u00f3<\/strong><\/p>\n\n\n\n<p>Una vegada finalitzat l&#8217;estudi del terreny i l&#8217;accessibilitat de les obres, prioritzant la seguretat dels treballadors durant la reconstrucci\u00f3 i dels usuaris de la via despr\u00e9s de la rehabilitaci\u00f3, es va optar per la realitzaci\u00f3 d&#8217;un conjunt de pantalles de micropilotes que, consolidats a la profunditat adequada, definixen una zona estable de treball per a excavar i realitzar el nou mur de contenci\u00f3 que sostinga la plataforma de la carretera.<\/p>\n\n\n\n<p>Els treballs, en avan\u00e7at estat d&#8217;execuci\u00f3, han finalitzat ja el complex proc\u00e9s de fonamentaci\u00f3, que ha donat pas a l&#8217;al\u00e7at del mur de contenci\u00f3. Despr\u00e9s d&#8217;al\u00e7ar el mur, els operaris de Carreteres procediran al farciment amb material drenant, la restauraci\u00f3 dels accessos i la repavimentaci\u00f3, abans de la senyalitzaci\u00f3 vi\u00e0ria i l&#8217;abalisament que completen l&#8217;obra i permeten la reobertura de la carretera.<\/p>\n\n\n\n<p>En paral\u00b7lel a esta actuaci\u00f3 en el trajecte cap a Ademuz per la Puebla de San Miguel, la Diputaci\u00f3 de Val\u00e8ncia va iniciar recentment les obres de condicionament de la carretera CV-363 en el tram compr\u00e9s entre Mas de l&#8217;Olmo i Ademuz. Esta actuaci\u00f3, amb una inversi\u00f3 de 1,5 milions d&#8217;euros i un termini d&#8217;execuci\u00f3 de 8 mesos, culmina el pla per a la millora de les carreteres de la xarxa local en el Rinc\u00f3n de Ademuz iniciat en 2014.&nbsp;<br><\/p>\n","protected":false},"excerpt":{"rendered":"<div class=\"mh-excerpt\">L&#8217;\u00e0rea provincial de Carreteres ha invertit prop de 2 milions d&#8217;euros en les obres d&#8217;emerg\u00e8ncia per a rehabilitar la via, que passa per la Puebla de San Miguel, despr\u00e9s del despreniment del passat estiu El <a class=\"mh-excerpt-more\" href=\"https:\/\/www.tucomarca.com\/wordpress\/segunda\/ca\/la-diputacio-reobrira-al-transit-la-cv-363-entre-losilla-i-ademuz-a-la-fi-de-juliol-despres-de-la-reconstruccio-de-la-via\/\" title=\"La Diputaci\u00f3 reobrir\u00e0 al tr\u00e0nsit la CV-363 entre Losilla i Ademuz a la fi de juliol despr\u00e9s de la reconstrucci\u00f3 de la via\">[+] <\/a><\/div>\n","protected":false},"author":12,"featured_media":107087,"comment_status":"open","ping_status":"open","sticky":false,"template":"","format":"standard","meta":{"footnotes":""},"categories":[10890,10926,10898,10948,10894,10960,10947,10896],"tags":[3677,4013,1318],"class_list":{"0":"post-107091","1":"post","2":"type-post","3":"status-publish","4":"format-standard","5":"has-post-thumbnail","7":"category-ademus","8":"category-ademus-ca","9":"category-ventana-ca","10":"category-infraestructuras-ca","11":"category-la-comarca-ca","12":"category-la-puebla-de-san-miguel-ca","13":"category-politica","14":"category-seccion-ca","15":"tag-diputacio-de-valencia","16":"tag-diputacion-de-valencia","17":"tag-rincon-de-ademuz"},"_links":{"self":[{"href":"https:\/\/www.tucomarca.com\/wordpress\/segunda\/ca\/wp-json\/wp\/v2\/posts\/107091","targetHints":{"allow":["GET"]}}],"collection":[{"href":"https:\/\/www.tucomarca.com\/wordpress\/segunda\/ca\/wp-json\/wp\/v2\/posts"}],"about":[{"href":"https:\/\/www.tucomarca.com\/wordpress\/segunda\/ca\/wp-json\/wp\/v2\/types\/post"}],"author":[{"embeddable":true,"href":"https:\/\/www.tucomarca.com\/wordpress\/segunda\/ca\/wp-json\/wp\/v2\/users\/12"}],"replies":[{"embeddable":true,"href":"https:\/\/www.tucomarca.com\/wordpress\/segunda\/ca\/wp-json\/wp\/v2\/comments?post=107091"}],"version-history":[{"count":0,"href":"https:\/\/www.tucomarca.com\/wordpress\/segunda\/ca\/wp-json\/wp\/v2\/posts\/107091\/revisions"}],"wp:featuredmedia":[{"embeddable":true,"href":"https:\/\/www.tucomarca.com\/wordpress\/segunda\/ca\/wp-json\/wp\/v2\/media\/107087"}],"wp:attachment":[{"href":"https:\/\/www.tucomarca.com\/wordpress\/segunda\/ca\/wp-json\/wp\/v2\/media?parent=107091"}],"wp:term":[{"taxonomy":"category","embeddable":true,"href":"https:\/\/www.tucomarca.com\/wordpress\/segunda\/ca\/wp-json\/wp\/v2\/categories?post=107091"},{"taxonomy":"post_tag","embeddable":true,"href":"https:\/\/www.tucomarca.com\/wordpress\/segunda\/ca\/wp-json\/wp\/v2\/tags?post=107091"}],"curies":[{"name":"wp","href":"https:\/\/api.w.org\/{rel}","templated":true}]}}