{"id":107124,"date":"2020-05-25T21:30:09","date_gmt":"2020-05-25T19:30:09","guid":{"rendered":"http:\/\/www.tucomarca.com\/wordpress\/segunda\/?p=107124"},"modified":"2020-05-25T21:30:11","modified_gmt":"2020-05-25T19:30:11","slug":"els-nous-casos-de-coronavirus-se-situen-en-nivells-de-la-primera-setmana-de-marc","status":"publish","type":"post","link":"https:\/\/www.tucomarca.com\/wordpress\/segunda\/ca\/els-nous-casos-de-coronavirus-se-situen-en-nivells-de-la-primera-setmana-de-marc\/","title":{"rendered":"Els nous casos de coronavirus se situen en nivells de la primera setmana de mar\u00e7"},"content":{"rendered":"\n<p><strong>Es confirmen 7 nous casos positius a trav\u00e9s de PCR, una xifra que no es donava des del passat 8 de mar\u00e7<\/strong><\/p>\n\n\n\n<p><strong>Les altes a pacients amb coronavirus tamb\u00e9 continuen la tend\u00e8ncia a l&#8217;al\u00e7a i superen ja les 11.000<\/strong><\/p>\n\n\n\n<p>La Conselleria de Sanitat Universal i Salut P\u00fablica ha confirmat 7 nous casos positius a trav\u00e9s de PCR, una xifra que no es donava des del passat 8 de mar\u00e7. En aquells moments la tend\u00e8ncia era de creixement per\u00f2, un cop doblegada la corba de contagis, va comen\u00e7ar el descens. El total de positius \u00e9s de 11.080. Per prov\u00edncies la distribuci\u00f3 \u00e9s la seg\u00fcent:<\/p>\n\n\n\n<ul class=\"wp-block-list\"><li>2 a Castell\u00f3. Total: 1.514<\/li><li>2 a Alacant. Total: 3.868<\/li><li>3 a Val\u00e8ncia. Total: 5.693<\/li><li>5 despla\u00e7ats (no nous)<\/li><\/ul>\n\n\n\n<p>A l&#8217;altre extrem se situen les altes a pacients amb coronavirus. En les \u00faltimes 24 hores s&#8217;han registrat 144 noves, que eleven a 11.010 el total des que va comen\u00e7ar la pand\u00e8mia a la Comunitat Valenciana.<\/p>\n\n\n\n<p>D&#8217;altra banda, a hores d&#8217;ara es troben actius 3.027 de l&#8217;total de casos detectats des de l&#8217;inici, el que representa un 19,59%.<\/p>\n\n\n\n<p>En l&#8217;actualitat nom\u00e9s hi ha 33 persones que requereixen UCI en tota la Comunitat (5 a Castell\u00f3, 18 a Alacant i 10 a la prov\u00edncia de Val\u00e8ncia). Per la seua banda, el nombre de malalts de coronavirus hospitalitzats \u00e9s de 221 persones (15 a Castell\u00f3, 67 a Alacant i 139 a la prov\u00edncia de Val\u00e8ncia).<\/p>\n\n\n\n<p>Des d&#8217;aquest diumenge s&#8217;ha produ\u00eft una mort, el que eleva a 1.413 les persones que han mort a la Comunitat Valenciana per coronavirus: 212 a la prov\u00edncia de Castell\u00f3, 498 a Alacant i 703 a la prov\u00edncia de Val\u00e8ncia.<\/p>\n\n\n\n<p>El nombre d&#8217;altes de professionals sanitaris \u00e9s de 2.150 i el nombre total de positius en professionals a hores d&#8217;ara \u00e9s de 559.<\/p>\n\n\n\n<p>El nombre total de proves dutes a terme per a la detecci\u00f3 de l&#8217;coronavirus han estat 291.306, de les quals 197.885 han estat a trav\u00e9s de PCR i 93.421 a trav\u00e9s de test r\u00e0pid.<\/p>\n\n\n\n<p>Actualitzaci\u00f3 de la situaci\u00f3 en resid\u00e8ncies<\/p>\n\n\n\n<p>Actualment hi ha algun cas positiu en 78 centres (12 a la prov\u00edncia de Castell\u00f3, 32 a la d&#8217;Alacant i 34 a la prov\u00edncia de Val\u00e8ncia).<\/p>\n\n\n\n<ul class=\"wp-block-list\"><li>Residents nous positius: 2<\/li><li>Treballadors nous positius: 0<\/li><li>Residents morts: 1<\/li><\/ul>\n\n\n\n<p>A hores d&#8217;ara, es troben sota vigil\u00e0ncia activa de control sanitari 28 resid\u00e8ncies a la Comunitat Valenciana: 8 a la prov\u00edncia de Castell\u00f3, 7 a la prov\u00edncia d&#8217;Alacant i 13 a la prov\u00edncia de Val\u00e8ncia.<\/p>\n","protected":false},"excerpt":{"rendered":"<div class=\"mh-excerpt\">Es confirmen 7 nous casos positius a trav\u00e9s de PCR, una xifra que no es donava des del passat 8 de mar\u00e7 Les altes a pacients amb coronavirus tamb\u00e9 continuen la tend\u00e8ncia a l&#8217;al\u00e7a i <a class=\"mh-excerpt-more\" href=\"https:\/\/www.tucomarca.com\/wordpress\/segunda\/ca\/els-nous-casos-de-coronavirus-se-situen-en-nivells-de-la-primera-setmana-de-marc\/\" title=\"Els nous casos de coronavirus se situen en nivells de la primera setmana de mar\u00e7\">[+] <\/a><\/div>\n","protected":false},"author":12,"featured_media":105181,"comment_status":"open","ping_status":"open","sticky":false,"template":"","format":"standard","meta":{"footnotes":""},"categories":[11010,10898,10948,10894,10904,10903,10947,10896,10897],"tags":[10635,11937,11938],"class_list":{"0":"post-107124","1":"post","2":"type-post","3":"status-publish","4":"format-standard","5":"has-post-thumbnail","7":"category-canal-salud","8":"category-ventana-ca","9":"category-infraestructuras-ca","10":"category-la-comarca-ca","11":"category-sin-categorizar-ca","12":"category-medio-ambiente-la-comarca-ca","13":"category-politica","14":"category-seccion-ca","15":"category-sucesos-la-comarca-ca","16":"tag-conselleria-de-sanitat","17":"tag-coronavirus","18":"tag-covid-19"},"_links":{"self":[{"href":"https:\/\/www.tucomarca.com\/wordpress\/segunda\/ca\/wp-json\/wp\/v2\/posts\/107124","targetHints":{"allow":["GET"]}}],"collection":[{"href":"https:\/\/www.tucomarca.com\/wordpress\/segunda\/ca\/wp-json\/wp\/v2\/posts"}],"about":[{"href":"https:\/\/www.tucomarca.com\/wordpress\/segunda\/ca\/wp-json\/wp\/v2\/types\/post"}],"author":[{"embeddable":true,"href":"https:\/\/www.tucomarca.com\/wordpress\/segunda\/ca\/wp-json\/wp\/v2\/users\/12"}],"replies":[{"embeddable":true,"href":"https:\/\/www.tucomarca.com\/wordpress\/segunda\/ca\/wp-json\/wp\/v2\/comments?post=107124"}],"version-history":[{"count":0,"href":"https:\/\/www.tucomarca.com\/wordpress\/segunda\/ca\/wp-json\/wp\/v2\/posts\/107124\/revisions"}],"wp:featuredmedia":[{"embeddable":true,"href":"https:\/\/www.tucomarca.com\/wordpress\/segunda\/ca\/wp-json\/wp\/v2\/media\/105181"}],"wp:attachment":[{"href":"https:\/\/www.tucomarca.com\/wordpress\/segunda\/ca\/wp-json\/wp\/v2\/media?parent=107124"}],"wp:term":[{"taxonomy":"category","embeddable":true,"href":"https:\/\/www.tucomarca.com\/wordpress\/segunda\/ca\/wp-json\/wp\/v2\/categories?post=107124"},{"taxonomy":"post_tag","embeddable":true,"href":"https:\/\/www.tucomarca.com\/wordpress\/segunda\/ca\/wp-json\/wp\/v2\/tags?post=107124"}],"curies":[{"name":"wp","href":"https:\/\/api.w.org\/{rel}","templated":true}]}}