{"id":107138,"date":"2020-05-26T19:08:19","date_gmt":"2020-05-26T17:08:19","guid":{"rendered":"http:\/\/www.tucomarca.com\/wordpress\/segunda\/?p=107138"},"modified":"2020-06-01T12:49:35","modified_gmt":"2020-06-01T10:49:35","slug":"la-regidoria-de-medi-ambient-de-xest-dona-una-serie-de-recomanacions-davant-la-troballa-dun-animal-silvestre-ferit-malalt-o-mort","status":"publish","type":"post","link":"https:\/\/www.tucomarca.com\/wordpress\/segunda\/ca\/la-regidoria-de-medi-ambient-de-xest-dona-una-serie-de-recomanacions-davant-la-troballa-dun-animal-silvestre-ferit-malalt-o-mort\/","title":{"rendered":"La regidoria de Medi Ambient de Xest d\u00f3na una s\u00e8rie de recomanacions davant la troballa d&#8217;un animal silvestre ferit, malalt o mort"},"content":{"rendered":"\n<p>Des de la regidoria de Medi Ambient s&#8217;ha preparat una guia d&#8217;actuaci\u00f3 per a la ciutadania en casos de troballa d&#8217;un animal silvestre, malalt o ferit, ja disponible per a la consulta al web municipal cheste.es.<\/p>\n\n\n\n<p>En el document s&#8217;explica que, en cas de trobar un animal silvestre ferit, independentment de l&#8217;esp\u00e8cie que siga, \u00e9s important actuar amb prud\u00e8ncia per evitar que fuja o atac. Per aix\u00f2, ser\u00e0 essencial avisar el Centre de Recuperaci\u00f3 de Fauna (CRF) m\u00e9s proper i seguir les seues instruccions. En el cas de Xest \u00e9s el CRF &#8220;La Granja&#8221; del Saler, que compta amb servei de recollida d&#8217;animals (tel\u00e8fon: 963 86 80 25).<\/p>\n\n\n\n<p>Quan es tracta d&#8217;animals malalts i que puguen presentar malalties de car\u00e0cter zoon\u00f2tic, com la sarna sarc\u00f2ptica, s&#8217;ha d&#8217;avisar igualment a l&#8217;CRF, als Agents Mediambientals de la zona en qu\u00e8 es trobe o Gu\u00e0rdia Civil, a trav\u00e9s del 112. \u00c9s important no intentar capturar l&#8217;animal.<\/p>\n\n\n\n<p>Si la troballa \u00e9s un animal silvestre mort, no s&#8217;ha de tocar, sobretot quan hi ha una sospita d&#8217;un possible enverinament o electrocuci\u00f3. En aquests casos cal comunicar-ho a les Forces i Cossos de Seguretat de l&#8217;Estat o als Agents Mediambientals de la zona perqu\u00e8 s&#8217;habilite el protocol establert.<\/p>\n\n\n\n<p>Finalment, en aquesta guia es recorda a la poblaci\u00f3 que si es troben conills, llebres, eri\u00e7ons o aus joves, aparentment abandonats, no s&#8217;han de tocar, llevat que hi haga un perill imminent per a la cria, com per exemple, d&#8217;atropellament . En aquesta circumst\u00e0ncia, l&#8217;exemplar es pot deixar en un lloc proper que estigue lliure de perill perqu\u00e8 el puguen trobar els seus pares.<\/p>\n\n\n\n<p>Hi ha algunes excepcions a la norma general de no agafar cries d&#8217;animals, concretament quan es tracta de cries de falciots, d&#8217;orenetes o d&#8217;avions i d&#8217;aus desemplumadas. En aquests casos el m\u00e9s recomanable \u00e9s portar-les a l&#8217;CRF m\u00e9s pr\u00f2xim.<\/p>\n\n\n\n<p>Enlla\u00e7 directe: <a class=\"\" href=\"http:\/\/www.cheste.es\/sites\/default\/files\/u15\/guia_ok.pdf\">http:\/\/www.cheste.es\/sites\/default\/files\/u15\/guia_ok.pdf<\/a><\/p>\n","protected":false},"excerpt":{"rendered":"<div class=\"mh-excerpt\">Des de la regidoria de Medi Ambient s&#8217;ha preparat una guia d&#8217;actuaci\u00f3 per a la ciutadania en casos de troballa d&#8217;un animal silvestre, malalt o ferit, ja disponible per a la consulta al web municipal <a class=\"mh-excerpt-more\" href=\"https:\/\/www.tucomarca.com\/wordpress\/segunda\/ca\/la-regidoria-de-medi-ambient-de-xest-dona-una-serie-de-recomanacions-davant-la-troballa-dun-animal-silvestre-ferit-malalt-o-mort\/\" title=\"La regidoria de Medi Ambient de Xest d\u00f3na una s\u00e8rie de recomanacions davant la troballa d&#8217;un animal silvestre ferit, malalt o mort\">[+] <\/a><\/div>\n","protected":false},"author":12,"featured_media":107136,"comment_status":"open","ping_status":"open","sticky":false,"template":"","format":"standard","meta":{"footnotes":""},"categories":[11010,10948,10894,10912,10903,10947,10896,10897,10974],"tags":[10470,5952,107],"class_list":{"0":"post-107138","1":"post","2":"type-post","3":"status-publish","4":"format-standard","5":"has-post-thumbnail","7":"category-canal-salud","8":"category-infraestructuras-ca","9":"category-la-comarca-ca","10":"category-la-hoya-ca","11":"category-medio-ambiente-la-comarca-ca","12":"category-politica","13":"category-seccion-ca","14":"category-sucesos-la-comarca-ca","15":"category-cheste-ca","16":"tag-ayuntamiento-de-cheste","17":"tag-la-hoya-de-bunol-chiva","18":"tag-medio-ambiente"},"_links":{"self":[{"href":"https:\/\/www.tucomarca.com\/wordpress\/segunda\/ca\/wp-json\/wp\/v2\/posts\/107138","targetHints":{"allow":["GET"]}}],"collection":[{"href":"https:\/\/www.tucomarca.com\/wordpress\/segunda\/ca\/wp-json\/wp\/v2\/posts"}],"about":[{"href":"https:\/\/www.tucomarca.com\/wordpress\/segunda\/ca\/wp-json\/wp\/v2\/types\/post"}],"author":[{"embeddable":true,"href":"https:\/\/www.tucomarca.com\/wordpress\/segunda\/ca\/wp-json\/wp\/v2\/users\/12"}],"replies":[{"embeddable":true,"href":"https:\/\/www.tucomarca.com\/wordpress\/segunda\/ca\/wp-json\/wp\/v2\/comments?post=107138"}],"version-history":[{"count":0,"href":"https:\/\/www.tucomarca.com\/wordpress\/segunda\/ca\/wp-json\/wp\/v2\/posts\/107138\/revisions"}],"wp:featuredmedia":[{"embeddable":true,"href":"https:\/\/www.tucomarca.com\/wordpress\/segunda\/ca\/wp-json\/wp\/v2\/media\/107136"}],"wp:attachment":[{"href":"https:\/\/www.tucomarca.com\/wordpress\/segunda\/ca\/wp-json\/wp\/v2\/media?parent=107138"}],"wp:term":[{"taxonomy":"category","embeddable":true,"href":"https:\/\/www.tucomarca.com\/wordpress\/segunda\/ca\/wp-json\/wp\/v2\/categories?post=107138"},{"taxonomy":"post_tag","embeddable":true,"href":"https:\/\/www.tucomarca.com\/wordpress\/segunda\/ca\/wp-json\/wp\/v2\/tags?post=107138"}],"curies":[{"name":"wp","href":"https:\/\/api.w.org\/{rel}","templated":true}]}}