{"id":107143,"date":"2020-05-26T19:04:36","date_gmt":"2020-05-26T17:04:36","guid":{"rendered":"http:\/\/www.tucomarca.com\/wordpress\/segunda\/?p=107143"},"modified":"2020-05-26T19:04:38","modified_gmt":"2020-05-26T17:04:38","slug":"el-sat-de-requena-repren-latencio-presencial-este-dimecres","status":"publish","type":"post","link":"https:\/\/www.tucomarca.com\/wordpress\/segunda\/ca\/el-sat-de-requena-repren-latencio-presencial-este-dimecres\/","title":{"rendered":"El SAT de Requena repr\u00e9n l&#8217;atenci\u00f3 presencial este dimecres"},"content":{"rendered":"\n<p><strong>Ser\u00e0 imprescindible tindre cita pr\u00e8via abans d&#8217;acudir. Per a aix\u00f2 es pot reservar per mitj\u00e0 de mail o via telef\u00f2nica<\/strong><\/p>\n\n\n\n<p>El SAT de Requena reinicia l&#8217;atenci\u00f3 presencial a la ciutadania este dimecres 27 de maig de 2020, despr\u00e9s d&#8217;haver estat actiu des de finals de mar\u00e7 exclusivament per via telem\u00e0tica a causa del confinament. No obstant aix\u00f2, cal assenyalar que per a disfrutar d&#8217;este servici de manera f\u00edsica ser\u00e0 indispensable disposar de cita pr\u00e8via abans de personar-se en les depend\u00e8ncies del SAT.<\/p>\n\n\n\n<p>Per a sol\u00b7licitar la cita pr\u00e8via, hi ha dos opcions: <\/p>\n\n\n\n<ul class=\"wp-block-list\"><li>Enviar un correu a sat@requena.es indicant nom i cognoms, el tr\u00e0mit que es vol realitzar i un n\u00famero de tel\u00e8fon per a ser citat. <\/li><li>O b\u00e9, cridar al n\u00famero de tel\u00e8fon 96 230 14 00 i marcar posteriorment l&#8217;extensi\u00f3 2007.<\/li><\/ul>\n\n\n\n<p>Finalment, des del Consistori de Requena es recorda que s&#8217;han de continuar complint les normes sanit\u00e0ries d&#8217;higiene, portant m\u00e0scara en tot moment i respectant tamb\u00e9 el distanciament interpersonal de seguretat recomanat.<\/p>\n\n\n\n<p>Aix\u00ed mateix, el servici d&#8217;atenci\u00f3 telem\u00e0tica del SAT continua disponible per a totes aquelles persones que preferisquen continuar utilitzant la dita opci\u00f3.<\/p>\n","protected":false},"excerpt":{"rendered":"<div class=\"mh-excerpt\">Ser\u00e0 imprescindible tindre cita pr\u00e8via abans d&#8217;acudir. Per a aix\u00f2 es pot reservar per mitj\u00e0 de mail o via telef\u00f2nica El SAT de Requena reinicia l&#8217;atenci\u00f3 presencial a la ciutadania este dimecres 27 de maig <a class=\"mh-excerpt-more\" href=\"https:\/\/www.tucomarca.com\/wordpress\/segunda\/ca\/el-sat-de-requena-repren-latencio-presencial-este-dimecres\/\" title=\"El SAT de Requena repr\u00e9n l&#8217;atenci\u00f3 presencial este dimecres\">[+] <\/a><\/div>\n","protected":false},"author":12,"featured_media":104873,"comment_status":"open","ping_status":"open","sticky":false,"template":"","format":"standard","meta":{"footnotes":""},"categories":[11010,10948,10894,10903,10947,10908,10909,10896,10897],"tags":[2850,11937,11938,11951,10387,12167],"class_list":{"0":"post-107143","1":"post","2":"type-post","3":"status-publish","4":"format-standard","5":"has-post-thumbnail","7":"category-canal-salud","8":"category-infraestructuras-ca","9":"category-la-comarca-ca","10":"category-medio-ambiente-la-comarca-ca","11":"category-politica","12":"category-requena-ca","13":"category-requena-utiel-ca","14":"category-seccion-ca","15":"category-sucesos-la-comarca-ca","16":"tag-ayuntamiento-de-requena","17":"tag-coronavirus","18":"tag-covid-19","19":"tag-covid2019","20":"tag-requena-utiel","21":"tag-sat-requena"},"_links":{"self":[{"href":"https:\/\/www.tucomarca.com\/wordpress\/segunda\/ca\/wp-json\/wp\/v2\/posts\/107143","targetHints":{"allow":["GET"]}}],"collection":[{"href":"https:\/\/www.tucomarca.com\/wordpress\/segunda\/ca\/wp-json\/wp\/v2\/posts"}],"about":[{"href":"https:\/\/www.tucomarca.com\/wordpress\/segunda\/ca\/wp-json\/wp\/v2\/types\/post"}],"author":[{"embeddable":true,"href":"https:\/\/www.tucomarca.com\/wordpress\/segunda\/ca\/wp-json\/wp\/v2\/users\/12"}],"replies":[{"embeddable":true,"href":"https:\/\/www.tucomarca.com\/wordpress\/segunda\/ca\/wp-json\/wp\/v2\/comments?post=107143"}],"version-history":[{"count":0,"href":"https:\/\/www.tucomarca.com\/wordpress\/segunda\/ca\/wp-json\/wp\/v2\/posts\/107143\/revisions"}],"wp:featuredmedia":[{"embeddable":true,"href":"https:\/\/www.tucomarca.com\/wordpress\/segunda\/ca\/wp-json\/wp\/v2\/media\/104873"}],"wp:attachment":[{"href":"https:\/\/www.tucomarca.com\/wordpress\/segunda\/ca\/wp-json\/wp\/v2\/media?parent=107143"}],"wp:term":[{"taxonomy":"category","embeddable":true,"href":"https:\/\/www.tucomarca.com\/wordpress\/segunda\/ca\/wp-json\/wp\/v2\/categories?post=107143"},{"taxonomy":"post_tag","embeddable":true,"href":"https:\/\/www.tucomarca.com\/wordpress\/segunda\/ca\/wp-json\/wp\/v2\/tags?post=107143"}],"curies":[{"name":"wp","href":"https:\/\/api.w.org\/{rel}","templated":true}]}}