{"id":107170,"date":"2020-05-26T19:10:15","date_gmt":"2020-05-26T17:10:15","guid":{"rendered":"http:\/\/www.tucomarca.com\/wordpress\/segunda\/?p=107170"},"modified":"2020-05-26T19:10:44","modified_gmt":"2020-05-26T17:10:44","slug":"lelianavol-organitza-una-campanya-de-recollida-daliments-per-a-aquest-cap-de-setmana","status":"publish","type":"post","link":"https:\/\/www.tucomarca.com\/wordpress\/segunda\/ca\/lelianavol-organitza-una-campanya-de-recollida-daliments-per-a-aquest-cap-de-setmana\/","title":{"rendered":"L\u2019ElianaVol organitza una campanya de recollida d&#8217;aliments per a aquest cap de setmana"},"content":{"rendered":"\n<p><strong>La cita solid\u00e0ria tindr\u00e0 lloc este divendres i dissabte, entre les 10 i les 20 hores en l&#8217;Espai Vicente Tarazona<\/strong><\/p>\n\n\n\n<p>L&#8217;associaci\u00f3 L\u2019ElianaVol, en col\u00b7laboraci\u00f3 amb la regidoria de Cooperaci\u00f3, Voluntariat i Solidaritat de l&#8217;Ajuntament, ha organitzat una recollida d&#8217;aliments solid\u00e0ria que tindr\u00e0 lloc aquest divendres 29 i dissabte 30 de maig. Entre les 10 del mat\u00ed i les 20 hores, les persones que vulguen participar poden acostar a l&#8217;espai Vicente Tarazona del Parc de la Pineda queviures i productes com ara conserves, pasta, sucre, aliments infantils, detergent, m\u00e0scares, etc.&nbsp;<\/p>\n\n\n\n<p>L&#8217;entitat local pel voluntariat destinar\u00e0 els aliments i productes rebuts a l&#8217;ajuda de fam\u00edlies en situacions d&#8217;emerg\u00e8ncia a trav\u00e9s de l&#8217;entitat Val\u00e8ncia \u00e9s refugi.<\/p>\n\n\n\n<p>Des de l&#8217;inici de la pand\u00e8mia global provocada pel Covid-19, L\u2019ElianaVol no ha deixat de realitzar accions solid\u00e0ries amb l&#8217;objectiu de pal\u00b7liar les conseq\u00fc\u00e8ncies econ\u00f2miques, socials i sanit\u00e0ries entre els m\u00e9s desfavorits. Per a aix\u00f2 ha comptat recentment amb el suport del consistori, en l&#8217;enviament de productes b\u00e0sics als campaments de refugiats a Gr\u00e8cia.&nbsp;<\/p>\n\n\n\n<p>La regidora de Voluntariat, Cristina D\u00edaz, ha convidat a elianers i elianeres a demostrar, una vegada m\u00e9s, el seu comprom\u00eds social i a participar en aquesta nova campanya de recollida d&#8217;aliments per a les fam\u00edlies que, en aquesta situaci\u00f3 tan excepcional que estem vivint, estan patint condicions d&#8217;emerg\u00e8ncia aliment\u00e0ria.<\/p>\n","protected":false},"excerpt":{"rendered":"<div class=\"mh-excerpt\">La cita solid\u00e0ria tindr\u00e0 lloc este divendres i dissabte, entre les 10 i les 20 hores en l&#8217;Espai Vicente Tarazona L&#8217;associaci\u00f3 L\u2019ElianaVol, en col\u00b7laboraci\u00f3 amb la regidoria de Cooperaci\u00f3, Voluntariat i Solidaritat de l&#8217;Ajuntament, ha <a class=\"mh-excerpt-more\" href=\"https:\/\/www.tucomarca.com\/wordpress\/segunda\/ca\/lelianavol-organitza-una-campanya-de-recollida-daliments-per-a-aquest-cap-de-setmana\/\" title=\"L\u2019ElianaVol organitza una campanya de recollida d&#8217;aliments per a aquest cap de setmana\">[+] <\/a><\/div>\n","protected":false},"author":12,"featured_media":107169,"comment_status":"open","ping_status":"open","sticky":false,"template":"","format":"standard","meta":{"footnotes":""},"categories":[10892,11010,10948,10894,10893,10903,10947,10896,10897],"tags":[10899,11939,11940,11172],"class_list":{"0":"post-107170","1":"post","2":"type-post","3":"status-publish","4":"format-standard","5":"has-post-thumbnail","7":"category-camp-de-turia-ca","8":"category-canal-salud","9":"category-infraestructuras-ca","10":"category-la-comarca-ca","11":"category-leliana-ca","12":"category-medio-ambiente-la-comarca-ca","13":"category-politica","14":"category-seccion-ca","15":"category-sucesos-la-comarca-ca","16":"tag-camp-de-turia-ca","17":"tag-coronavirus-ca","18":"tag-covid-19-ca","19":"tag-leliana-ca-2"},"_links":{"self":[{"href":"https:\/\/www.tucomarca.com\/wordpress\/segunda\/ca\/wp-json\/wp\/v2\/posts\/107170","targetHints":{"allow":["GET"]}}],"collection":[{"href":"https:\/\/www.tucomarca.com\/wordpress\/segunda\/ca\/wp-json\/wp\/v2\/posts"}],"about":[{"href":"https:\/\/www.tucomarca.com\/wordpress\/segunda\/ca\/wp-json\/wp\/v2\/types\/post"}],"author":[{"embeddable":true,"href":"https:\/\/www.tucomarca.com\/wordpress\/segunda\/ca\/wp-json\/wp\/v2\/users\/12"}],"replies":[{"embeddable":true,"href":"https:\/\/www.tucomarca.com\/wordpress\/segunda\/ca\/wp-json\/wp\/v2\/comments?post=107170"}],"version-history":[{"count":0,"href":"https:\/\/www.tucomarca.com\/wordpress\/segunda\/ca\/wp-json\/wp\/v2\/posts\/107170\/revisions"}],"wp:featuredmedia":[{"embeddable":true,"href":"https:\/\/www.tucomarca.com\/wordpress\/segunda\/ca\/wp-json\/wp\/v2\/media\/107169"}],"wp:attachment":[{"href":"https:\/\/www.tucomarca.com\/wordpress\/segunda\/ca\/wp-json\/wp\/v2\/media?parent=107170"}],"wp:term":[{"taxonomy":"category","embeddable":true,"href":"https:\/\/www.tucomarca.com\/wordpress\/segunda\/ca\/wp-json\/wp\/v2\/categories?post=107170"},{"taxonomy":"post_tag","embeddable":true,"href":"https:\/\/www.tucomarca.com\/wordpress\/segunda\/ca\/wp-json\/wp\/v2\/tags?post=107170"}],"curies":[{"name":"wp","href":"https:\/\/api.w.org\/{rel}","templated":true}]}}