{"id":107208,"date":"2020-05-26T22:07:21","date_gmt":"2020-05-26T20:07:21","guid":{"rendered":"http:\/\/www.tucomarca.com\/wordpress\/segunda\/?p=107208"},"modified":"2020-05-26T22:08:13","modified_gmt":"2020-05-26T20:08:13","slug":"la-conselleria-de-sanitat-sollicita-al-ministeri-el-passe-de-la-comunitat-valenciana-a-la-fase-2-del-proces-de-desescalada","status":"publish","type":"post","link":"https:\/\/www.tucomarca.com\/wordpress\/segunda\/ca\/la-conselleria-de-sanitat-sollicita-al-ministeri-el-passe-de-la-comunitat-valenciana-a-la-fase-2-del-proces-de-desescalada\/","title":{"rendered":"La Conselleria de Sanitat sol\u00b7licita al Ministeri el passe de la Comunitat Valenciana a la fase 2 del proc\u00e9s de desescalada"},"content":{"rendered":"\n<p><strong>El nombre d&#8217;altes supera ja al de casos diagnosticats per coronavirus a trav\u00e9s de PCR, de manera que s\u00f3n ja 11.178 les persones curades en la Comunitat<\/strong><\/p>\n\n\n\n<p><strong>Es registra el sext dia consecutiu sense que es produ\u00efsquen defuncions en la prov\u00edncia de Castell\u00f3<\/strong><\/p>\n\n\n\n<p>La consellera de Sanitat Universal i Salut P\u00fablica, Ana Barcel\u00f3, ha anunciat que ha sol\u00b7licitat a l&#8217;Ministeri de Sanitat la passada de la Comunitat Valenciana a la fase 2 del proc\u00e9s de desescalada a partir de dilluns, 1 de juny.<\/p>\n\n\n\n<p>De la mateixa manera, ha explicat que el Rac\u00f3 d&#8217;Adem\u00fas, que \u00e9s un territori de la Comunitat Valenciana envoltat per les prov\u00edncies de Terol (Arag\u00f3) i Conca (Castella-la Manxa), podr\u00e0 tenir mobilitat interprovincial amb Terol per compres i altres serveis.<\/p>\n\n\n\n<p>Aix\u00ed ho ha confirmat el ministre de Sanitat, Salvador Illa, a la consellera i es far\u00e0 p\u00fablic en el Butllet\u00ed Oficial de l&#8217;Estat. Aquest territori es troba actualment en la fase 2 del proc\u00e9s de desescalada a l&#8217;estar envoltat per prov\u00edncies que ja es troben en aquesta fase, i, a partir d&#8217;aquest dimecres, els seus ciutadans i ciutadanes podran gaudir tamb\u00e9 d&#8217;aquesta mobilitat que els permetr\u00e0 despla\u00e7ar-se a Terol per fer \u00fas dels serveis que necessiten.<\/p>\n\n\n\n<p>La consellera ha presentat la campanya #ConPrudencia, un espot que compta amb testimonis reals de persones que han patit la malaltia i que expliquen en primera persona la seva experi\u00e8ncia. Al v\u00eddeo demanen prud\u00e8ncia en aquesta fase d&#8217;avan\u00e7 a la normalitat. Barcel\u00f3 ha incidit que &#8220;tots hem d&#8217;atendre les recomanacions de sanitat i guardar la dist\u00e0ncia social, perqu\u00e8 \u00e9s la nostra major protecci\u00f3&#8221;.<\/p>\n\n\n\n<p><strong>Actualitzaci\u00f3 de la incid\u00e8ncia de COVID-19<\/strong><\/p>\n\n\n\n<p>El nombre de pacients en les unitats de cures intensives per coronavirus a la Comunitat Valenciana segueix la tend\u00e8ncia descendent. En l&#8217;actualitat, nom\u00e9s hi ha 29 persones que requereixen aquestes cures en tota la Comunitat, 4 menys que en l&#8217;actualitzaci\u00f3 d&#8217;aquest dilluns. Per prov\u00edncies: 5 a Castell\u00f3, 15 a Alacant i 9 a la prov\u00edncia de Val\u00e8ncia. Per la seua banda, el nombre de persones malaltes de coronavirus hospitalitzades tamb\u00e9 ha experimentat un descens respecte a l&#8217;\u00faltima actualitzaci\u00f3. En aquests moments, hi ha 211 persones ingressades, 10 menys que aquest dimarts. Per prov\u00edncies, es d\u00f3na la seg\u00fcent distribuci\u00f3: 13 a Castell\u00f3, 65 a Alacant i 133 a la prov\u00edncia de Val\u00e8ncia.<\/p>\n\n\n\n<p>Per la seua banda, les altes a pacients amb coronavirus han augmentat un 62% des que va comen\u00e7ar el mes de maig. S&#8217;han registrat 168 m\u00e9s des de l&#8217;\u00faltima actualitzaci\u00f3, el que eleva a 11.178 el total de persones que s&#8217;han curat a la Comunitat. La consellera ha destacat que, per primera vegada, les altes superen el nombre de positius per PCR. Per prov\u00edncies, la distribuci\u00f3 \u00e9s la seg\u00fcent: 1.470 a la prov\u00edncia de Castell\u00f3, 3.987 a la d&#8217;Alacant i 5.716 a la de Val\u00e8ncia, a les quals cal sumar unes altres 5 corresponents a persones despla\u00e7ades. Suposen m\u00e9s de el 70% de l&#8217;total de casos positius.<\/p>\n\n\n\n<p>Pel que fa a casos positius nous, des de l&#8217;actualitzaci\u00f3 d&#8217;aquest dilluns s&#8217;han detectat 32 nous casos a trav\u00e9s de PCR que eleven a 11.112 el total de positius des que va comen\u00e7ar la pand\u00e8mia. Per prov\u00edncies, aquesta \u00e9s la distribuci\u00f3:<\/p>\n\n\n\n<ul class=\"wp-block-list\"><li>8 a Castell\u00f3. Total: 1.522<\/li><li>2 a Alacant. Total: 3.870<\/li><li>22 a Val\u00e8ncia. Total: 5.715<\/li><li>5 despla\u00e7ats (no nous)<\/li><\/ul>\n\n\n\n<p>De tots els casos positius detectats, es troben actius a hores d&#8217;ara 3.005, el que suposa nom\u00e9s el 19,2%.<\/p>\n\n\n\n<p>Des d&#8217;aquest dilluns s&#8217;han produ\u00eft 4 nous morts, el que eleva a 1.417 les persones que han mort a la Comunitat Valenciana per coronavirus: 212 a la prov\u00edncia de Castell\u00f3, 501 a la d&#8217;Alacant i 704 a la prov\u00edncia de Val\u00e8ncia. La consellera ha destacat que \u00e9s el sis\u00e8 dia consecutiu sense que es registri cap mort a la prov\u00edncia de Castell\u00f3<\/p>\n\n\n\n<p>El nombre d&#8217;altes de professionals sanitaris \u00e9s de 2.154 i el nombre total de positius en professionals a hores d&#8217;ara \u00e9s de 555.<\/p>\n\n\n\n<p>El nombre total de proves dutes a terme per a la detecci\u00f3 de l&#8217;coronavirus han estat 296.293, de les quals 201.448 han estat a trav\u00e9s de PCR i 94.845 a trav\u00e9s de test r\u00e0pid.<\/p>\n\n\n\n<p><strong>Actualitzaci\u00f3 de la situaci\u00f3 en resid\u00e8ncies<\/strong><\/p>\n\n\n\n<p>Per tercer dia consecutiu no es registra cap mort de residents per coronavirus. En l&#8217;actualitat hi ha algun cas positiu en 77 centres (10 a la prov\u00edncia de Castell\u00f3, 32 a la d&#8217;Alacant i 35 a la prov\u00edncia de Val\u00e8ncia).<\/p>\n\n\n\n<ul class=\"wp-block-list\"><li>Residents nous positius: 2<\/li><li>Personal nou amb positiu: 0<\/li><li>Residents que han mort: 1<\/li><\/ul>\n\n\n\n<p>A hores d&#8217;ara, es troben sota vigil\u00e0ncia activa de control sanitari 28 resid\u00e8ncies a la Comunitat Valenciana: 8 a la prov\u00edncia de Castell\u00f3, 7 a la prov\u00edncia d&#8217;Alacant i 13 a la prov\u00edncia de Val\u00e8ncia.<\/p>\n","protected":false},"excerpt":{"rendered":"<div class=\"mh-excerpt\">El nombre d&#8217;altes supera ja al de casos diagnosticats per coronavirus a trav\u00e9s de PCR, de manera que s\u00f3n ja 11.178 les persones curades en la Comunitat Es registra el sext dia consecutiu sense que <a class=\"mh-excerpt-more\" href=\"https:\/\/www.tucomarca.com\/wordpress\/segunda\/ca\/la-conselleria-de-sanitat-sollicita-al-ministeri-el-passe-de-la-comunitat-valenciana-a-la-fase-2-del-proces-de-desescalada\/\" title=\"La Conselleria de Sanitat sol\u00b7licita al Ministeri el passe de la Comunitat Valenciana a la fase 2 del proc\u00e9s de desescalada\">[+] <\/a><\/div>\n","protected":false},"author":12,"featured_media":105232,"comment_status":"open","ping_status":"open","sticky":false,"template":"","format":"standard","meta":{"footnotes":""},"categories":[11010,10898,10948,10894,10904,10903,10947,10896,10897],"tags":[11939,11940,11498,10914],"class_list":{"0":"post-107208","1":"post","2":"type-post","3":"status-publish","4":"format-standard","5":"has-post-thumbnail","7":"category-canal-salud","8":"category-ventana-ca","9":"category-infraestructuras-ca","10":"category-la-comarca-ca","11":"category-sin-categorizar-ca","12":"category-medio-ambiente-la-comarca-ca","13":"category-politica","14":"category-seccion-ca","15":"category-sucesos-la-comarca-ca","16":"tag-coronavirus-ca","17":"tag-covid-19-ca","18":"tag-generalitat-valenciana-ca","19":"tag-la-hoya-de-bunol-chiva-ca"},"_links":{"self":[{"href":"https:\/\/www.tucomarca.com\/wordpress\/segunda\/ca\/wp-json\/wp\/v2\/posts\/107208","targetHints":{"allow":["GET"]}}],"collection":[{"href":"https:\/\/www.tucomarca.com\/wordpress\/segunda\/ca\/wp-json\/wp\/v2\/posts"}],"about":[{"href":"https:\/\/www.tucomarca.com\/wordpress\/segunda\/ca\/wp-json\/wp\/v2\/types\/post"}],"author":[{"embeddable":true,"href":"https:\/\/www.tucomarca.com\/wordpress\/segunda\/ca\/wp-json\/wp\/v2\/users\/12"}],"replies":[{"embeddable":true,"href":"https:\/\/www.tucomarca.com\/wordpress\/segunda\/ca\/wp-json\/wp\/v2\/comments?post=107208"}],"version-history":[{"count":0,"href":"https:\/\/www.tucomarca.com\/wordpress\/segunda\/ca\/wp-json\/wp\/v2\/posts\/107208\/revisions"}],"wp:featuredmedia":[{"embeddable":true,"href":"https:\/\/www.tucomarca.com\/wordpress\/segunda\/ca\/wp-json\/wp\/v2\/media\/105232"}],"wp:attachment":[{"href":"https:\/\/www.tucomarca.com\/wordpress\/segunda\/ca\/wp-json\/wp\/v2\/media?parent=107208"}],"wp:term":[{"taxonomy":"category","embeddable":true,"href":"https:\/\/www.tucomarca.com\/wordpress\/segunda\/ca\/wp-json\/wp\/v2\/categories?post=107208"},{"taxonomy":"post_tag","embeddable":true,"href":"https:\/\/www.tucomarca.com\/wordpress\/segunda\/ca\/wp-json\/wp\/v2\/tags?post=107208"}],"curies":[{"name":"wp","href":"https:\/\/api.w.org\/{rel}","templated":true}]}}