{"id":107217,"date":"2020-05-27T11:00:23","date_gmt":"2020-05-27T09:00:23","guid":{"rendered":"http:\/\/www.tucomarca.com\/wordpress\/segunda\/?p=107217"},"modified":"2020-05-27T19:18:25","modified_gmt":"2020-05-27T17:18:25","slug":"requena-conclou-el-repartiment-de-mascares-per-mitja-de-buzoneo","status":"publish","type":"post","link":"https:\/\/www.tucomarca.com\/wordpress\/segunda\/ca\/requena-conclou-el-repartiment-de-mascares-per-mitja-de-buzoneo\/","title":{"rendered":"Requena conclou el repartiment de m\u00e0scares per mitj\u00e0 de buzoneo"},"content":{"rendered":"\n<p><strong>Si alguna persona empadronada en la localitat no l&#8217;ha rebut en el seu domicili, pot posar-se en contacte amb el consistori cridant al 962301400 sense marcar cap extensi\u00f3 o enviar un mail a conserjeria@requena.es<\/strong><\/p>\n\n\n\n<p>El Consistori requenense ha finalitzat la distribuci\u00f3 generalitzada de m\u00e0scares per a tots els ciutadans empadronats en el terme municipal, per tal de refor\u00e7ar la protecci\u00f3 de tota la ciutadania davant la primera fase de l&#8217;desescalada que comen\u00e7ava el passat 11 de maig a la Comunitat Valenciana.<\/p>\n\n\n\n<p>Aix\u00ed les coses, si alguna persona empadronada a la localitat no l&#8217;ha rebut al seu domicili, pot posar-se en contacte amb el consistori trucant a l&#8217;962301400 sense marcar cap extensi\u00f3 o enviar un mail a conserjeria@requena.es.<\/p>\n\n\n\n<p>Per garantir la m\u00e0xima seguretat en aquest repartiment, l&#8217;Ajuntament de Requena ha optat pel sistema de buzoneo, evitant aix\u00ed c\u00f3rrer riscos innecessaris.<\/p>\n\n\n\n<p>A m\u00e9s, per tal d&#8217;assegurar la seua entrega als usuaris en el millor estat possible, les mascaretes v\u00e9nen embolicades en una bossa de pl\u00e0stic totalment herm\u00e8tica en paquets individuals o b\u00e9 de dues unitats, i inclouen una s\u00e8rie de consells pr\u00e0ctics perqu\u00e8 siguen utilitzades de la manera m\u00e9s adequada.<\/p>\n\n\n\n<p>Tamb\u00e9 des del Consistori requenense s&#8217;ha pensat en els m\u00e9s xicotets de la casa, de manera que aquest repartiment inclo\u00efa m\u00e0scares infantils.<\/p>\n\n\n\n<p>Les mascaretes adquirides s\u00f3n homologades, fabricades a la Comunitat Valenciana i estan emparades per la normativa vigent, complint aix\u00ed amb les indicacions de les autoritats sanit\u00e0ries.<\/p>\n\n\n\n<p>Finalment, cal assenyalar que aquestes m\u00e0scares s\u00f3n reutilitzables i rentables perqu\u00e8 puguen ser aprofitades en m\u00e9s d&#8217;una ocasi\u00f3.<\/p>\n","protected":false},"excerpt":{"rendered":"<div class=\"mh-excerpt\">Si alguna persona empadronada en la localitat no l&#8217;ha rebut en el seu domicili, pot posar-se en contacte amb el consistori cridant al 962301400 sense marcar cap extensi\u00f3 o enviar un mail a conserjeria@requena.es El <a class=\"mh-excerpt-more\" href=\"https:\/\/www.tucomarca.com\/wordpress\/segunda\/ca\/requena-conclou-el-repartiment-de-mascares-per-mitja-de-buzoneo\/\" title=\"Requena conclou el repartiment de m\u00e0scares per mitj\u00e0 de buzoneo\">[+] <\/a><\/div>\n","protected":false},"author":12,"featured_media":107290,"comment_status":"open","ping_status":"open","sticky":false,"template":"","format":"standard","meta":{"footnotes":""},"categories":[11010,10948,10894,10947,10908,10909,10896],"tags":[11254,11939,11940,12161,10910],"class_list":{"0":"post-107217","1":"post","2":"type-post","3":"status-publish","4":"format-standard","5":"has-post-thumbnail","7":"category-canal-salud","8":"category-infraestructuras-ca","9":"category-la-comarca-ca","10":"category-politica","11":"category-requena-ca","12":"category-requena-utiel-ca","13":"category-seccion-ca","14":"tag-ayuntamiento-de-requena-ca","15":"tag-coronavirus-ca","16":"tag-covid-19-ca","17":"tag-mascarillas-ca","18":"tag-requena-utiel-ca"},"_links":{"self":[{"href":"https:\/\/www.tucomarca.com\/wordpress\/segunda\/ca\/wp-json\/wp\/v2\/posts\/107217","targetHints":{"allow":["GET"]}}],"collection":[{"href":"https:\/\/www.tucomarca.com\/wordpress\/segunda\/ca\/wp-json\/wp\/v2\/posts"}],"about":[{"href":"https:\/\/www.tucomarca.com\/wordpress\/segunda\/ca\/wp-json\/wp\/v2\/types\/post"}],"author":[{"embeddable":true,"href":"https:\/\/www.tucomarca.com\/wordpress\/segunda\/ca\/wp-json\/wp\/v2\/users\/12"}],"replies":[{"embeddable":true,"href":"https:\/\/www.tucomarca.com\/wordpress\/segunda\/ca\/wp-json\/wp\/v2\/comments?post=107217"}],"version-history":[{"count":0,"href":"https:\/\/www.tucomarca.com\/wordpress\/segunda\/ca\/wp-json\/wp\/v2\/posts\/107217\/revisions"}],"wp:featuredmedia":[{"embeddable":true,"href":"https:\/\/www.tucomarca.com\/wordpress\/segunda\/ca\/wp-json\/wp\/v2\/media\/107290"}],"wp:attachment":[{"href":"https:\/\/www.tucomarca.com\/wordpress\/segunda\/ca\/wp-json\/wp\/v2\/media?parent=107217"}],"wp:term":[{"taxonomy":"category","embeddable":true,"href":"https:\/\/www.tucomarca.com\/wordpress\/segunda\/ca\/wp-json\/wp\/v2\/categories?post=107217"},{"taxonomy":"post_tag","embeddable":true,"href":"https:\/\/www.tucomarca.com\/wordpress\/segunda\/ca\/wp-json\/wp\/v2\/tags?post=107217"}],"curies":[{"name":"wp","href":"https:\/\/api.w.org\/{rel}","templated":true}]}}