{"id":107335,"date":"2020-05-28T12:41:09","date_gmt":"2020-05-28T10:41:09","guid":{"rendered":"http:\/\/www.tucomarca.com\/wordpress\/segunda\/?p=107335"},"modified":"2020-05-28T12:41:11","modified_gmt":"2020-05-28T10:41:11","slug":"reobri-la-biblioteca-municipal-de-cheste","status":"publish","type":"post","link":"https:\/\/www.tucomarca.com\/wordpress\/segunda\/ca\/reobri-la-biblioteca-municipal-de-cheste\/","title":{"rendered":"Reobri la biblioteca municipal de Cheste"},"content":{"rendered":"\n<p>La biblioteca municipal de Cheste ha obert les seues portes hui, 27 de maig, en l&#8217;horari habitual: matins de 10 a 13:30 hores i vesprades de 17 a 20 hores, oferint \u00fanicament el servei de pr\u00e9stecs i devolucions. &#8220;La biblioteca complix amb les mesures de neteja i desinfecci\u00f3 adequades per\u00f2 \u00e9s important seguir les normes i recomanacions per a minimitzar el risc de contagio&#8221;, apunta la regidora d&#8217;Educaci\u00f3, M\u00aa \u00c1ngeles Llorente.<\/p>\n\n\n\n<p>Entre les noves mesures per a la reobertura s&#8217;ha redu\u00eft l&#8217;aforament al 30 per cent, amb l&#8217;objectiu d&#8217;assegurar que les persones usu\u00e0ries puguen mantindre la dist\u00e0ncia de seguretat de dos metres. Aix\u00ed mateix, \u00e9s obligatori l&#8217;\u00fas de m\u00e0scara i la desinfecci\u00f3 de mans a l&#8217;entrada, per al que s&#8217;ha posat gel hidroalcoholico a disposici\u00f3 dels usuaris i les usu\u00e0ries. Les persones diagnosticades amb COVID-19 o amb s\u00edmptomes de patir-la no hauran d&#8217;acudir a la biblioteca.<\/p>\n\n\n\n<p><strong>Recomanacions<\/strong><\/p>\n\n\n\n<p>Es recomana anar a la biblioteca de forma individual i, en cas de menors de 14 anys, anar acompanyats i acompanyades per una persona adulta responsable. Una vegada en la biblioteca \u00e9s important seguir en tot moment les indicacions del personal i mantindre la dist\u00e0ncia de seguretat entre les persones usu\u00e0ries.<\/p>\n\n\n\n<p><strong>Serveis no disponibles<\/strong><\/p>\n\n\n\n<p>No est\u00e0 perm\u00e9s l&#8217;estudi ni la consulta o lectura de llibres en sala, com tampoc ho est\u00e0 l&#8217;\u00fas dels ordinadors.<\/p>\n","protected":false},"excerpt":{"rendered":"<div class=\"mh-excerpt\">La biblioteca municipal de Cheste ha obert les seues portes hui, 27 de maig, en l&#8217;horari habitual: matins de 10 a 13:30 hores i vesprades de 17 a 20 hores, oferint \u00fanicament el servei de <a class=\"mh-excerpt-more\" href=\"https:\/\/www.tucomarca.com\/wordpress\/segunda\/ca\/reobri-la-biblioteca-municipal-de-cheste\/\" title=\"Reobri la biblioteca municipal de Cheste\">[+] <\/a><\/div>\n","protected":false},"author":12,"featured_media":107334,"comment_status":"open","ping_status":"open","sticky":false,"template":"","format":"standard","meta":{"footnotes":""},"categories":[11019,11010,10948,10894,10912,11007,10947,10896,10897,10974],"tags":[10470,2698,11937,11938,5952],"class_list":{"0":"post-107335","1":"post","2":"type-post","3":"status-publish","4":"format-standard","5":"has-post-thumbnail","7":"category-agenda-ca","8":"category-canal-salud","9":"category-infraestructuras-ca","10":"category-la-comarca-ca","11":"category-la-hoya-ca","12":"category-ocio-y-cultura-ca","13":"category-politica","14":"category-seccion-ca","15":"category-sucesos-la-comarca-ca","16":"category-cheste-ca","17":"tag-ayuntamiento-de-cheste","18":"tag-biblioteca-cheste","19":"tag-coronavirus","20":"tag-covid-19","21":"tag-la-hoya-de-bunol-chiva"},"_links":{"self":[{"href":"https:\/\/www.tucomarca.com\/wordpress\/segunda\/ca\/wp-json\/wp\/v2\/posts\/107335","targetHints":{"allow":["GET"]}}],"collection":[{"href":"https:\/\/www.tucomarca.com\/wordpress\/segunda\/ca\/wp-json\/wp\/v2\/posts"}],"about":[{"href":"https:\/\/www.tucomarca.com\/wordpress\/segunda\/ca\/wp-json\/wp\/v2\/types\/post"}],"author":[{"embeddable":true,"href":"https:\/\/www.tucomarca.com\/wordpress\/segunda\/ca\/wp-json\/wp\/v2\/users\/12"}],"replies":[{"embeddable":true,"href":"https:\/\/www.tucomarca.com\/wordpress\/segunda\/ca\/wp-json\/wp\/v2\/comments?post=107335"}],"version-history":[{"count":0,"href":"https:\/\/www.tucomarca.com\/wordpress\/segunda\/ca\/wp-json\/wp\/v2\/posts\/107335\/revisions"}],"wp:featuredmedia":[{"embeddable":true,"href":"https:\/\/www.tucomarca.com\/wordpress\/segunda\/ca\/wp-json\/wp\/v2\/media\/107334"}],"wp:attachment":[{"href":"https:\/\/www.tucomarca.com\/wordpress\/segunda\/ca\/wp-json\/wp\/v2\/media?parent=107335"}],"wp:term":[{"taxonomy":"category","embeddable":true,"href":"https:\/\/www.tucomarca.com\/wordpress\/segunda\/ca\/wp-json\/wp\/v2\/categories?post=107335"},{"taxonomy":"post_tag","embeddable":true,"href":"https:\/\/www.tucomarca.com\/wordpress\/segunda\/ca\/wp-json\/wp\/v2\/tags?post=107335"}],"curies":[{"name":"wp","href":"https:\/\/api.w.org\/{rel}","templated":true}]}}