{"id":107341,"date":"2020-05-28T12:46:18","date_gmt":"2020-05-28T10:46:18","guid":{"rendered":"http:\/\/www.tucomarca.com\/wordpress\/segunda\/?p=107341"},"modified":"2020-05-28T12:46:48","modified_gmt":"2020-05-28T10:46:48","slug":"xest-limita-la-velocitat-a-20-km-h-en-els-carrers-en-que-els-establiments-tenen-terrasses","status":"publish","type":"post","link":"https:\/\/www.tucomarca.com\/wordpress\/segunda\/ca\/xest-limita-la-velocitat-a-20-km-h-en-els-carrers-en-que-els-establiments-tenen-terrasses\/","title":{"rendered":"Xest limita la velocitat a 20 km\/h en els carrers en qu\u00e8 els establiments tenen terrasses"},"content":{"rendered":"\n<p>L&#8217;Ajuntament de Xest ha ampliat les zones en qu\u00e8 els establiments tenen instal\u00b7lades les terrasses perqu\u00e8 puguen compensar l&#8217;espai perdut pel compliment de la reducci\u00f3 de l&#8217;aforament i de les dist\u00e0ncies de seguretat imposades en la Fase 1 per a evitar contagis de COVID-19.<\/p>\n\n\n\n<p>Davant d&#8217;esta ampliaci\u00f3, en els carrers on les terrasses invadixen m\u00e9s espai en la cal\u00e7ada s&#8217;ha decidit limitar la velocitat a 20 km\/hora amb l&#8217;objectiu de millorar la seguretat vi\u00e0ria. Esta limitaci\u00f3 es mantindr\u00e0 despr\u00e9s de l&#8217;estat d&#8217;alarma en les zones amb voreres estretes, plataforma \u00fanica o amb molta circulaci\u00f3 de xiquets i xiquetes.<\/p>\n\n\n\n<p>Els carrers que veuran modificada la velocitat m\u00e0xima permesa s\u00f3n P\u00e9rez Gald\u00f3s, Antonio Machado, Vicente Blasco Ib\u00e1\u00f1ez, Julio Tar\u00edn i Antonino. A m\u00e9s, la Policia Local est\u00e0 est\u00e0 estudiant implantar esta limitaci\u00f3 de velocitat en altres carrers de la localitat que s\u00f3n problem\u00e0tiques respecte a la seguretat vi\u00e0ria per a millorar la conviv\u00e8ncia entre vianants i vehicles.<\/p>\n","protected":false},"excerpt":{"rendered":"<div class=\"mh-excerpt\">L&#8217;Ajuntament de Xest ha ampliat les zones en qu\u00e8 els establiments tenen instal\u00b7lades les terrasses perqu\u00e8 puguen compensar l&#8217;espai perdut pel compliment de la reducci\u00f3 de l&#8217;aforament i de les dist\u00e0ncies de seguretat imposades en <a class=\"mh-excerpt-more\" href=\"https:\/\/www.tucomarca.com\/wordpress\/segunda\/ca\/xest-limita-la-velocitat-a-20-km-h-en-els-carrers-en-que-els-establiments-tenen-terrasses\/\" title=\"Xest limita la velocitat a 20 km\/h en els carrers en qu\u00e8 els establiments tenen terrasses\">[+] <\/a><\/div>\n","protected":false},"author":12,"featured_media":107340,"comment_status":"open","ping_status":"open","sticky":false,"template":"","format":"standard","meta":{"footnotes":""},"categories":[11010,10948,10894,10912,10903,10947,10896,10897,10974],"tags":[11222,11939,11940,10914],"class_list":{"0":"post-107341","1":"post","2":"type-post","3":"status-publish","4":"format-standard","5":"has-post-thumbnail","7":"category-canal-salud","8":"category-infraestructuras-ca","9":"category-la-comarca-ca","10":"category-la-hoya-ca","11":"category-medio-ambiente-la-comarca-ca","12":"category-politica","13":"category-seccion-ca","14":"category-sucesos-la-comarca-ca","15":"category-cheste-ca","16":"tag-ayuntamiento-de-cheste-ca","17":"tag-coronavirus-ca","18":"tag-covid-19-ca","19":"tag-la-hoya-de-bunol-chiva-ca"},"_links":{"self":[{"href":"https:\/\/www.tucomarca.com\/wordpress\/segunda\/ca\/wp-json\/wp\/v2\/posts\/107341","targetHints":{"allow":["GET"]}}],"collection":[{"href":"https:\/\/www.tucomarca.com\/wordpress\/segunda\/ca\/wp-json\/wp\/v2\/posts"}],"about":[{"href":"https:\/\/www.tucomarca.com\/wordpress\/segunda\/ca\/wp-json\/wp\/v2\/types\/post"}],"author":[{"embeddable":true,"href":"https:\/\/www.tucomarca.com\/wordpress\/segunda\/ca\/wp-json\/wp\/v2\/users\/12"}],"replies":[{"embeddable":true,"href":"https:\/\/www.tucomarca.com\/wordpress\/segunda\/ca\/wp-json\/wp\/v2\/comments?post=107341"}],"version-history":[{"count":0,"href":"https:\/\/www.tucomarca.com\/wordpress\/segunda\/ca\/wp-json\/wp\/v2\/posts\/107341\/revisions"}],"wp:featuredmedia":[{"embeddable":true,"href":"https:\/\/www.tucomarca.com\/wordpress\/segunda\/ca\/wp-json\/wp\/v2\/media\/107340"}],"wp:attachment":[{"href":"https:\/\/www.tucomarca.com\/wordpress\/segunda\/ca\/wp-json\/wp\/v2\/media?parent=107341"}],"wp:term":[{"taxonomy":"category","embeddable":true,"href":"https:\/\/www.tucomarca.com\/wordpress\/segunda\/ca\/wp-json\/wp\/v2\/categories?post=107341"},{"taxonomy":"post_tag","embeddable":true,"href":"https:\/\/www.tucomarca.com\/wordpress\/segunda\/ca\/wp-json\/wp\/v2\/tags?post=107341"}],"curies":[{"name":"wp","href":"https:\/\/api.w.org\/{rel}","templated":true}]}}