{"id":107357,"date":"2020-05-28T12:43:24","date_gmt":"2020-05-28T10:43:24","guid":{"rendered":"http:\/\/www.tucomarca.com\/wordpress\/segunda\/?p=107357"},"modified":"2020-05-28T12:44:34","modified_gmt":"2020-05-28T10:44:34","slug":"les-noves-escolaritzacions-en-els-centres-de-leliana-es-realitzaran-telematicament-a-partir-del-8-de-juny","status":"publish","type":"post","link":"https:\/\/www.tucomarca.com\/wordpress\/segunda\/ca\/les-noves-escolaritzacions-en-els-centres-de-leliana-es-realitzaran-telematicament-a-partir-del-8-de-juny\/","title":{"rendered":"Les noves escolaritzacions en els centres de l&#8217;Eliana es realitzaran telem\u00e0ticament a partir del 8 de juny"},"content":{"rendered":"\n<p><strong>La<\/strong> <strong>regidoria d&#8217;Educaci\u00f3 ha editat un dossier per a assistir en el procediment a pares i mares dels nous alumnes de 3 anys<\/strong><\/p>\n\n\n\n<p>El procediment d&#8217;admissi\u00f3 i matriculaci\u00f3 de l&#8217;alumnat per al curs 2020\/2021 en els centres escolars de l&#8217;Eliana es realitzar\u00e0 per primera vegada de manera telem\u00e0tica a trav\u00e9s de la web creada per la Conselleria d&#8217;Educaci\u00f3, Cultura i Esport <a href=\"https:\/\/portal.edu.gva.es\/telematricula\/\">telematricula.es<\/a>. Per a assistir a pares i mares que s&#8217;inicien en el proc\u00e9s, la Regidoria d&#8217;Educaci\u00f3 ha posat a la seua disposici\u00f3 un dossier informatiu amb tots els detalls per a completar-lo amb \u00e8xit, aix\u00ed com la web <a href=\"http:\/\/www.leliana.es\/va\/page\/escolaritzacio\">www.leliana.es\/va\/page\/escolaritzacio<\/a>. No obstant aix\u00f2, davant qualsevol dubte que poguera sorgir els serveis administratius de l&#8217;\u00e0rea atendran en el tel\u00e8fon 96 275 80 30 (Ext. 502) i en el correu <a href=\"mailto:educacio@leliana.es\">educacio@leliana.es<\/a>. &nbsp;<\/p>\n\n\n\n<p>Aquest procediment \u00e9s d&#8217;especial rellev\u00e0ncia per a aquelles fam\u00edlies que escolaritzen per primera vegada als seus fills i filles en Infantil 3 anys, alumnes de desitgen cursar primer de Batxillerat, Cicles Formatius o alumnes que desitgen canviar de centre educatiu.<\/p>\n\n\n\n<p>Les persones interessades hauran d&#8217;emplenar el formulari electr\u00f2nic de la sol\u00b7licitud i presentar-la a trav\u00e9s d&#8217;una clau d&#8217;admissi\u00f3, per a aix\u00f2 han de tindre a m\u00e0 el DNI, NIE o un altre dels sistemes de verificaci\u00f3 d&#8217;identitat establits en la normativa. La clau d&#8217;admissi\u00f3, que no es podr\u00e0 sol\u00b7licitar abans del 8 de juny, estar\u00e0 composta per identificador personal i una contrasenya i ser\u00e0 \u00fanica per a cada sol\u00b7licitud i alumne. Les persones que no disposen de DNI, NIE o no tenen acc\u00e9s a mitjans electr\u00f2nics podran realitzar el procediment de manera presencial en els centres educatius de primera opci\u00f3.<\/p>\n\n\n\n<p>A partir del 8 de juny i fins al dia 16 del mateix mes, es podr\u00e0 presentar la sol\u00b7licitud d&#8217;admissi\u00f3 telem\u00e0ticament per als cursos d&#8217;Infantil i Prim\u00e0ria, i l&#8217;1 de juliol es publicaran les llistes provisionals d&#8217;admesos. Per part seua, per a la resta de les etapes, el termini de sol\u00b7licitud ser\u00e0 del 17 al 25 de juny i les llistes provisionals d&#8217;admesos es publicaran el 15 de juliol per a Secund\u00e0ria i Batxillerat, el dia 13 per a Formaci\u00f3 Professional B\u00e0sica i el dia 20 per als Cicles Formatius de grau Mitj\u00e0 i Superior.<\/p>\n\n\n\n<p>La regidora d&#8217;Educaci\u00f3, Eva Santaf\u00e9, ha explicat que l&#8217;Ajuntament assistir\u00e0 a totes les fam\u00edlies que el necessiten durant el procediment, amb l&#8217;objectiu de garantir la prestaci\u00f3 del servei, el dret a l&#8217;educaci\u00f3 i l&#8217;exercici real de la llibertat d&#8217;elecci\u00f3 de centre, especialment en aquest context telem\u00e0tic que ens imposa la pand\u00e8mia provocada pel Covid-19.<\/p>\n","protected":false},"excerpt":{"rendered":"<div class=\"mh-excerpt\">La regidoria d&#8217;Educaci\u00f3 ha editat un dossier per a assistir en el procediment a pares i mares dels nous alumnes de 3 anys El procediment d&#8217;admissi\u00f3 i matriculaci\u00f3 de l&#8217;alumnat per al curs 2020\/2021 en <a class=\"mh-excerpt-more\" href=\"https:\/\/www.tucomarca.com\/wordpress\/segunda\/ca\/les-noves-escolaritzacions-en-els-centres-de-leliana-es-realitzaran-telematicament-a-partir-del-8-de-juny\/\" title=\"Les noves escolaritzacions en els centres de l&#8217;Eliana es realitzaran telem\u00e0ticament a partir del 8 de juny\">[+] <\/a><\/div>\n","protected":false},"author":12,"featured_media":107356,"comment_status":"open","ping_status":"open","sticky":false,"template":"","format":"standard","meta":{"footnotes":""},"categories":[11019,10892,11010,10948,10894,10893,11007,10947,10896,10897],"tags":[10899,11939,11940,11952,12185,11172,12186],"class_list":{"0":"post-107357","1":"post","2":"type-post","3":"status-publish","4":"format-standard","5":"has-post-thumbnail","7":"category-agenda-ca","8":"category-camp-de-turia-ca","9":"category-canal-salud","10":"category-infraestructuras-ca","11":"category-la-comarca-ca","12":"category-leliana-ca","13":"category-ocio-y-cultura-ca","14":"category-politica","15":"category-seccion-ca","16":"category-sucesos-la-comarca-ca","17":"tag-camp-de-turia-ca","18":"tag-coronavirus-ca","19":"tag-covid-19-ca","20":"tag-covid2019-ca","21":"tag-curso-2020-2021-ca","22":"tag-leliana-ca-2","23":"tag-matricula-telematica-ca"},"_links":{"self":[{"href":"https:\/\/www.tucomarca.com\/wordpress\/segunda\/ca\/wp-json\/wp\/v2\/posts\/107357","targetHints":{"allow":["GET"]}}],"collection":[{"href":"https:\/\/www.tucomarca.com\/wordpress\/segunda\/ca\/wp-json\/wp\/v2\/posts"}],"about":[{"href":"https:\/\/www.tucomarca.com\/wordpress\/segunda\/ca\/wp-json\/wp\/v2\/types\/post"}],"author":[{"embeddable":true,"href":"https:\/\/www.tucomarca.com\/wordpress\/segunda\/ca\/wp-json\/wp\/v2\/users\/12"}],"replies":[{"embeddable":true,"href":"https:\/\/www.tucomarca.com\/wordpress\/segunda\/ca\/wp-json\/wp\/v2\/comments?post=107357"}],"version-history":[{"count":0,"href":"https:\/\/www.tucomarca.com\/wordpress\/segunda\/ca\/wp-json\/wp\/v2\/posts\/107357\/revisions"}],"wp:featuredmedia":[{"embeddable":true,"href":"https:\/\/www.tucomarca.com\/wordpress\/segunda\/ca\/wp-json\/wp\/v2\/media\/107356"}],"wp:attachment":[{"href":"https:\/\/www.tucomarca.com\/wordpress\/segunda\/ca\/wp-json\/wp\/v2\/media?parent=107357"}],"wp:term":[{"taxonomy":"category","embeddable":true,"href":"https:\/\/www.tucomarca.com\/wordpress\/segunda\/ca\/wp-json\/wp\/v2\/categories?post=107357"},{"taxonomy":"post_tag","embeddable":true,"href":"https:\/\/www.tucomarca.com\/wordpress\/segunda\/ca\/wp-json\/wp\/v2\/tags?post=107357"}],"curies":[{"name":"wp","href":"https:\/\/api.w.org\/{rel}","templated":true}]}}