{"id":107523,"date":"2020-05-30T21:44:26","date_gmt":"2020-05-30T19:44:26","guid":{"rendered":"http:\/\/www.tucomarca.com\/wordpress\/segunda\/?p=107523"},"modified":"2020-05-30T21:44:28","modified_gmt":"2020-05-30T19:44:28","slug":"lajuntament-dutiel-fa-una-crida-a-la-prudencia-per-a-evitar-repunts-amb-les-flexibilitzacions-de-la-desescalada","status":"publish","type":"post","link":"https:\/\/www.tucomarca.com\/wordpress\/segunda\/ca\/lajuntament-dutiel-fa-una-crida-a-la-prudencia-per-a-evitar-repunts-amb-les-flexibilitzacions-de-la-desescalada\/","title":{"rendered":"L&#8217;Ajuntament d&#8217;Utiel fa una crida a la prud\u00e8ncia per a evitar repunts amb les flexibilitzacions de la desescalada"},"content":{"rendered":"\n<p><strong>El dilluns, 1 de juny, tota la Comunitat Valenciana entra en la fase 2<\/strong><\/p>\n\n\n\n<p>Ahir, el Ministeri de Sanitat anunciava l&#8217;entrada de tota la Comunitat Valenciana a la fase 2 de la desescalada a partir de dilluns 1 de juny. Una fase de transici\u00f3 que implica diferents mesures de flexibilitzaci\u00f3 com l&#8217;eliminaci\u00f3 de restriccions hor\u00e0ries per passejar o practicar esport o l&#8217;obertura de l&#8217;interior de bars i restaurants amb aforament limitat a l&#8217;40%.<\/p>\n\n\n\n<p>Un avan\u00e7 en la desescalada que pot derivar en certa relaxaci\u00f3 per part de la poblaci\u00f3. Per aquest motiu, l&#8217;Ajuntament d&#8217;Utiel fa una crida a la prud\u00e8ncia i responsabilitat social per seguir aplicant amb rigor les recomanacions sanit\u00e0ries i actuar amb cautela i prud\u00e8ncia per evitar rebrots de contagis.<\/p>\n\n\n\n<p><strong>Registre de casos de COVID-19<\/strong><\/p>\n\n\n\n<p>D&#8217;acord a les dades facilitades ahir per la Conselleria de Sanitat, Utiel ha registrat 7 nous casos en les \u00faltimes 2 setmanes, sumant un total de 139 positius per PCR i 28 morts a causa de l&#8217;coronavirus.<\/p>\n\n\n\n<p>La informaci\u00f3 actualitzada sobre la incid\u00e8ncia de la pand\u00e8mia per municipis es pot consultar al web de la Conselleria de Sanitat http:\/\/coronavirus.san.gva.es\/estadisticas<\/p>\n\n\n\n<p><strong>ACTIVITATS PERMESES A FASE 2<\/strong><\/p>\n\n\n\n<p>Les principals mesures, publicades al BOE i recollides a m\u00e9s en la guia de Govern Central per a la FASE 2 s\u00f3n:<\/p>\n\n\n\n<p><strong>MESURES SOCIALS<\/strong><\/p>\n\n\n\n<ul class=\"wp-block-list\"><li>Es pot circular per la prov\u00edncia, illa o unitat territorial de refer\u00e8ncia en grups m\u00e0xims de 15 persones. No hi ha l\u00edmit d&#8217;integrants de el grup si les persones s\u00f3n convivents.<\/li><li>Eliminaci\u00f3 de franges hor\u00e0ries per a la sortida dels nens al carrer i per a la pr\u00e0ctica de l&#8217;esport, a excepci\u00f3 de la reservada per a majors de 70 anys (de 10:00 a 12:00 hores i de 19:00 a 20:00 hores)<\/li><li>Tamb\u00e9 s&#8217;eliminen les limitacions en el nombre de vegades que es poden realitzar aquestes activitats di\u00e0riament.<\/li><li>Es mantenen les mesures de seguretat i higiene establertes, com la dist\u00e0ncia m\u00ednima de seguretat de dos metres.<\/li><li>Els vetlles podran realitzar-se amb un l\u00edmit m\u00e0xim de 25 persones en espais a l&#8217;aire lliure o 15 persones en espais tancats. La comitiva per al comiat de la persona morta es restringeix a un m\u00e0xim de 25 persones.<\/li><li>Es permetr\u00e0 l&#8217;assist\u00e8ncia a llocs de culte sempre que no se supere un 50% del seu aforament.<\/li><li>Els casaments poden realitzar-se en tot tipus d&#8217;instal\u00b7lacions, p\u00fabliques o privades, sempre que no se superi el 50% del seu aforament. Podran assistir a un m\u00e0xim de 100 persones en espais a l&#8217;aire lliure o de 50 persones en espais tancats.<\/li><\/ul>\n\n\n\n<p><strong>HOSTALERIA I RESTAURACI\u00d3<\/strong><\/p>\n\n\n\n<ul class=\"wp-block-list\"><li>Consum al local en taula sense superar el 40% de l&#8217;aforament.<\/li><li>Terrasses a l&#8217;aire lliure amb el 50% de les taules, amb una ocupaci\u00f3 m\u00e0xima de 10 persones per taula o agrupaci\u00f3 de taules.<\/li><li>Neteja i desinfecci\u00f3 entre un client i un altre, jocs de taula d&#8217;un \u00fas i dispensadors de gels.<\/li><li>Es fomentar\u00e0 el pagament amb targeta i s&#8217;evitar\u00e0 l&#8217;\u00fas de cartes de men\u00fa.<\/li><\/ul>\n\n\n\n<p><strong>COMER\u00c7 I PRESTACI\u00d3 DE SERVEIS<\/strong><\/p>\n\n\n\n<ul class=\"wp-block-list\"><li>Obertura de locals amb independ\u00e8ncia de la seua superf\u00edcie, amb els requisits seg\u00fcents: 40% de l&#8217;aforament total en els locals comercials, en cadascuna de les seues plantes; dist\u00e0ncia m\u00ednima de dos metres entre clients i horari d&#8217;atenci\u00f3 prioritari per a majors de 65 anys.<\/li><li>Poden obrir els parcs o centres comercials, amb aforament de l&#8217;30% a les zones comunes i de l&#8217;40% en els locals individuals. No es poden emprar les zones recreatives.<\/li><li>Hi podr\u00e0 haver rebaixes, sempre respectant les mesures de seguretat i higiene i evitant aglomeracions. Hauran de cessar immediatament les accions comercials o de promoci\u00f3 si result\u00e9s necessari.<\/li><li>Es podran obrir mercats a l&#8217;aire lliure, amb una limitaci\u00f3 a un ter\u00e7 dels llocs habituals i limitant l&#8217;aflu\u00e8ncia per mantenir la dist\u00e0ncia de seguretat de dos metres.<\/li><\/ul>\n\n\n\n<p><strong>MESURES D&#8217;HIGIENE EN ESTABLIMENTS<\/strong><\/p>\n\n\n\n<ul class=\"wp-block-list\"><li>Neteja i desinfecci\u00f3 de les instal\u00b7lacions a l&#8217;m\u00ednim dues vegades a el dia i dels llocs de treball despr\u00e9s de canvi de torn.<\/li><li>La dist\u00e0ncia entre venedor i client ser\u00e0 de al menys un metre quan es compti amb elements de protecci\u00f3 o barrera, o de dos metres sense aquests elements.<\/li><li>En el cas de serveis que no permeten el manteniment de la dist\u00e0ncia, com perruqueries, centres d&#8217;est\u00e8tica o fisioter\u00e0pia, s&#8217;haur\u00e0 d&#8217;utilitzar l&#8217;equip de protecci\u00f3 adequat a el nivell de risc.<\/li><li>Emprovadors ocupats per una persona i desinfecci\u00f3 despr\u00e9s del seu \u00fas.<\/li><\/ul>\n\n\n\n<p><strong>ACTIVITATS CULTURALS<\/strong><\/p>\n\n\n\n<p>Es flexibilitzen les mesures per a l&#8217;acc\u00e9s a biblioteques, sales d&#8217;exposicions i monuments que, amb car\u00e0cter general, han de tenir en compte les seg\u00fcents mesures:<\/p>\n\n\n\n<ul class=\"wp-block-list\"><li>Les sales que compten amb taulells d&#8217;informaci\u00f3 i atenci\u00f3 a el p\u00fablic hauran d&#8217;instal\u00b7lar elements i barreres f\u00edsiques de protecci\u00f3 en l&#8217;\u00e0rea de recepci\u00f3 de visitants.<\/li><li>Instal\u00b7laci\u00f3 de cartells amb normes i recomanacions espec\u00edfiques per al p\u00fablic, aix\u00ed com de vinils de senyalitzaci\u00f3 amb indicacions sobre la dist\u00e0ncia de seguretat, per evitar que es formin cues o aglomeracions a l&#8217;entrada i \/ o sortida.<\/li><li>Els immobles hauran de sotmetre de forma pr\u00e8via a la reobertura a una neteja i desinfecci\u00f3 selectiva de les parts accessibles a el p\u00fablic. Si hi ha b\u00e9ns culturals s&#8217;han de seguir, a m\u00e9s, les normes recomanades per l&#8217;Institut de l&#8217;Patrimoni Cultural d&#8217;Espanya.<\/li><li>Els llocs on no es pugui garantir la seguretat dels visitants per les seues condicions especials o per impossibilitat de realitzar les tasques de desinfecci\u00f3 necess\u00e0ries, seran exclosos de la visita p\u00fablica.<\/li><\/ul>\n\n\n\n<p><strong>ACTIVITATS ESPORTIVES<\/strong><\/p>\n\n\n\n<ul class=\"wp-block-list\"><li>Els esportistes integrats en clubs participants en lligues no professionals poden realitzar entrenament b\u00e0sic de manera individual.<\/li><li>Els clubs esportius professionals o societats an\u00f2nimes esportives poden desenvolupar entrenaments de car\u00e0cter total dirigits a la fase pr\u00e8via de la competici\u00f3, incloent accions en grup de fins a un m\u00e0xim de 14 persones.<\/li><li>Es permet la represa de la competici\u00f3 de les lligues professionals, sense p\u00fablic i a porta tancada. Es permet l&#8217;entrada de mitjans de comunicaci\u00f3 per a la retransmissi\u00f3 de la competici\u00f3. El Consell Superior d&#8217;Esports, abans de l&#8217;inici de la competici\u00f3, ha de determinar el nombre de persones que podran accedir als estadis i pavellons.<\/li><li>Es regula l&#8217;obertura d&#8217;instal\u00b7lacions esportives cobertes i piscines esportives.<\/li><\/ul>\n\n\n\n<p><strong>HOTELS I ESTABLIMENTS TUR\u00cdSTICS<\/strong><\/p>\n\n\n\n<ul class=\"wp-block-list\"><li>Poden reobrir les zones comunes d&#8217;hotels i establiments tur\u00edstics, fins a cobrir un ter\u00e7 de l&#8217;aforament que determini l&#8217;establiment.<\/li><li>Les activitats d&#8217;animaci\u00f3 o classes grupals s&#8217;han d&#8217;organitzar amb un aforament m\u00e0xim de 20 persones.<\/li><li>Poden reobrir les piscines i spas de l&#8217;establiment, amb limitacions.<\/li><\/ul>\n","protected":false},"excerpt":{"rendered":"<div class=\"mh-excerpt\">El dilluns, 1 de juny, tota la Comunitat Valenciana entra en la fase 2 Ahir, el Ministeri de Sanitat anunciava l&#8217;entrada de tota la Comunitat Valenciana a la fase 2 de la desescalada a partir <a class=\"mh-excerpt-more\" href=\"https:\/\/www.tucomarca.com\/wordpress\/segunda\/ca\/lajuntament-dutiel-fa-una-crida-a-la-prudencia-per-a-evitar-repunts-amb-les-flexibilitzacions-de-la-desescalada\/\" title=\"L&#8217;Ajuntament d&#8217;Utiel fa una crida a la prud\u00e8ncia per a evitar repunts amb les flexibilitzacions de la desescalada\">[+] <\/a><\/div>\n","protected":false},"author":12,"featured_media":107522,"comment_status":"open","ping_status":"open","sticky":false,"template":"","format":"standard","meta":{"footnotes":""},"categories":[11010,10948,10894,10903,10947,10909,10896,10897,11059],"tags":[10574,2907,11937,11938,11951],"class_list":{"0":"post-107523","1":"post","2":"type-post","3":"status-publish","4":"format-standard","5":"has-post-thumbnail","7":"category-canal-salud","8":"category-infraestructuras-ca","9":"category-la-comarca-ca","10":"category-medio-ambiente-la-comarca-ca","11":"category-politica","12":"category-requena-utiel-ca","13":"category-seccion-ca","14":"category-sucesos-la-comarca-ca","15":"category-utiel-ca","16":"tag-ayuntamiento-de-utiel","17":"tag-comarca-requena-utiel","18":"tag-coronavirus","19":"tag-covid-19","20":"tag-covid2019"},"_links":{"self":[{"href":"https:\/\/www.tucomarca.com\/wordpress\/segunda\/ca\/wp-json\/wp\/v2\/posts\/107523","targetHints":{"allow":["GET"]}}],"collection":[{"href":"https:\/\/www.tucomarca.com\/wordpress\/segunda\/ca\/wp-json\/wp\/v2\/posts"}],"about":[{"href":"https:\/\/www.tucomarca.com\/wordpress\/segunda\/ca\/wp-json\/wp\/v2\/types\/post"}],"author":[{"embeddable":true,"href":"https:\/\/www.tucomarca.com\/wordpress\/segunda\/ca\/wp-json\/wp\/v2\/users\/12"}],"replies":[{"embeddable":true,"href":"https:\/\/www.tucomarca.com\/wordpress\/segunda\/ca\/wp-json\/wp\/v2\/comments?post=107523"}],"version-history":[{"count":0,"href":"https:\/\/www.tucomarca.com\/wordpress\/segunda\/ca\/wp-json\/wp\/v2\/posts\/107523\/revisions"}],"wp:featuredmedia":[{"embeddable":true,"href":"https:\/\/www.tucomarca.com\/wordpress\/segunda\/ca\/wp-json\/wp\/v2\/media\/107522"}],"wp:attachment":[{"href":"https:\/\/www.tucomarca.com\/wordpress\/segunda\/ca\/wp-json\/wp\/v2\/media?parent=107523"}],"wp:term":[{"taxonomy":"category","embeddable":true,"href":"https:\/\/www.tucomarca.com\/wordpress\/segunda\/ca\/wp-json\/wp\/v2\/categories?post=107523"},{"taxonomy":"post_tag","embeddable":true,"href":"https:\/\/www.tucomarca.com\/wordpress\/segunda\/ca\/wp-json\/wp\/v2\/tags?post=107523"}],"curies":[{"name":"wp","href":"https:\/\/api.w.org\/{rel}","templated":true}]}}