{"id":107532,"date":"2020-05-31T10:17:58","date_gmt":"2020-05-31T08:17:58","guid":{"rendered":"http:\/\/www.tucomarca.com\/wordpress\/segunda\/?p=107532"},"modified":"2020-06-01T19:34:16","modified_gmt":"2020-06-01T17:34:16","slug":"video-entrevista-a-juan-luis-pallas-regidor-de-cultura-de-lajuntament-de-bunyol","status":"publish","type":"post","link":"https:\/\/www.tucomarca.com\/wordpress\/segunda\/ca\/video-entrevista-a-juan-luis-pallas-regidor-de-cultura-de-lajuntament-de-bunyol\/","title":{"rendered":"V\u00eddeo entrevista a Juan Luis Pall\u00e0s, regidor de Cultura de l&#8217;Ajuntament de Bunyol"},"content":{"rendered":"\n<figure class=\"wp-block-embed-youtube wp-block-embed is-type-video is-provider-youtube wp-embed-aspect-16-9 wp-has-aspect-ratio\"><div class=\"wp-block-embed__wrapper\">\n<iframe loading=\"lazy\" title=\"V\u00eddeo entrevista a Juan Luis Pall\u00e1s, concejal de Cultura de Bu\u00f1ol\" width=\"500\" height=\"281\" src=\"https:\/\/www.youtube.com\/embed\/diISFULYebU?feature=oembed\" frameborder=\"0\" allow=\"accelerometer; autoplay; clipboard-write; encrypted-media; gyroscope; picture-in-picture; web-share\" referrerpolicy=\"strict-origin-when-cross-origin\" allowfullscreen><\/iframe>\n<\/div><\/figure>\n\n\n\n<p>V\u00eddeo entrevista realitzada per <strong>tucomarca televisi\u00f3<\/strong> a Juan Luis Pall\u00e0s, regidor de Cultura i Conservatori de l&#8217;Ajuntament de Bunyol, amb qui repassem com ha afectat la pand\u00e8mia de covid-19 a les iniciatives culturals programades a la localitat, entre elles la Biennal de M\u00fasica, el concert &#8220;M\u00e0 a m\u00e0&#8221; aix\u00ed com la resta de propostes culturals al municipi.<\/p>\n","protected":false},"excerpt":{"rendered":"<div class=\"mh-excerpt\">V\u00eddeo entrevista realitzada per tucomarca televisi\u00f3 a Juan Luis Pall\u00e0s, regidor de Cultura i Conservatori de l&#8217;Ajuntament de Bunyol, amb qui repassem com ha afectat la pand\u00e8mia de covid-19 a les iniciatives culturals programades a <a class=\"mh-excerpt-more\" href=\"https:\/\/www.tucomarca.com\/wordpress\/segunda\/ca\/video-entrevista-a-juan-luis-pallas-regidor-de-cultura-de-lajuntament-de-bunyol\/\" title=\"V\u00eddeo entrevista a Juan Luis Pall\u00e0s, regidor de Cultura de l&#8217;Ajuntament de Bunyol\">[+] <\/a><\/div>\n","protected":false},"author":1,"featured_media":107530,"comment_status":"open","ping_status":"open","sticky":false,"template":"","format":"video","meta":{"footnotes":""},"categories":[10911,11005,11010,10948,10894,10912,11004,11007,11008,10947,10896,10897,11062],"tags":[5335,5324,11937,11938,11951,456,5952],"class_list":{"0":"post-107532","1":"post","2":"type-post","3":"status-publish","4":"format-video","5":"has-post-thumbnail","7":"category-bunol-ca","8":"category-canal-musica","9":"category-canal-salud","10":"category-infraestructuras-ca","11":"category-la-comarca-ca","12":"category-la-hoya-ca","13":"category-la-semana-en-imagenes-ca","14":"category-ocio-y-cultura-ca","15":"category-pueblos-en-fiestas-ca","16":"category-politica","17":"category-seccion-ca","18":"category-sucesos-la-comarca-ca","19":"category-videos","20":"tag-ayuntamiento-de-bunol","21":"tag-concierto-mano-a-mano","22":"tag-coronavirus","23":"tag-covid-19","24":"tag-covid2019","25":"tag-cultura","26":"tag-la-hoya-de-bunol-chiva","27":"post_format-post-format-video"},"_links":{"self":[{"href":"https:\/\/www.tucomarca.com\/wordpress\/segunda\/ca\/wp-json\/wp\/v2\/posts\/107532","targetHints":{"allow":["GET"]}}],"collection":[{"href":"https:\/\/www.tucomarca.com\/wordpress\/segunda\/ca\/wp-json\/wp\/v2\/posts"}],"about":[{"href":"https:\/\/www.tucomarca.com\/wordpress\/segunda\/ca\/wp-json\/wp\/v2\/types\/post"}],"author":[{"embeddable":true,"href":"https:\/\/www.tucomarca.com\/wordpress\/segunda\/ca\/wp-json\/wp\/v2\/users\/1"}],"replies":[{"embeddable":true,"href":"https:\/\/www.tucomarca.com\/wordpress\/segunda\/ca\/wp-json\/wp\/v2\/comments?post=107532"}],"version-history":[{"count":0,"href":"https:\/\/www.tucomarca.com\/wordpress\/segunda\/ca\/wp-json\/wp\/v2\/posts\/107532\/revisions"}],"wp:featuredmedia":[{"embeddable":true,"href":"https:\/\/www.tucomarca.com\/wordpress\/segunda\/ca\/wp-json\/wp\/v2\/media\/107530"}],"wp:attachment":[{"href":"https:\/\/www.tucomarca.com\/wordpress\/segunda\/ca\/wp-json\/wp\/v2\/media?parent=107532"}],"wp:term":[{"taxonomy":"category","embeddable":true,"href":"https:\/\/www.tucomarca.com\/wordpress\/segunda\/ca\/wp-json\/wp\/v2\/categories?post=107532"},{"taxonomy":"post_tag","embeddable":true,"href":"https:\/\/www.tucomarca.com\/wordpress\/segunda\/ca\/wp-json\/wp\/v2\/tags?post=107532"}],"curies":[{"name":"wp","href":"https:\/\/api.w.org\/{rel}","templated":true}]}}