{"id":107554,"date":"2020-06-01T15:26:02","date_gmt":"2020-06-01T13:26:02","guid":{"rendered":"http:\/\/www.tucomarca.com\/wordpress\/segunda\/?p=107554"},"modified":"2020-06-01T15:26:04","modified_gmt":"2020-06-01T13:26:04","slug":"comenca-el-proces-dadmissio-i-matricula-de-les-escoles-infantils-municipals-de-requena-per-a-2020-2021","status":"publish","type":"post","link":"https:\/\/www.tucomarca.com\/wordpress\/segunda\/ca\/comenca-el-proces-dadmissio-i-matricula-de-les-escoles-infantils-municipals-de-requena-per-a-2020-2021\/","title":{"rendered":"Comen\u00e7a el proc\u00e9s d&#8217;admissi\u00f3 i matr\u00edcula de les Escoles Infantils Municipals de Requena per a 2020-2021"},"content":{"rendered":"\n<p><strong>El termini s&#8217;obri este dilluns 1 de juny de 2020 i finalitza el divendres 5 de juny<\/strong><\/p>\n\n\n\n<p>Durant el mes de juny de 2020 es va a dur a terme el proc\u00e9s d&#8217;admissi\u00f3 i matr\u00edcula de les Escoles Infantils Municipals de Requena.<\/p>\n\n\n\n<p>D&#8217;esta manera, el termini de SOL\u00b7LICITUD DE MATR\u00cdCULA es realitzar\u00e0 des de les 9h del dia 1 de juny fins a les 23:59h del dia 5 de juny i es podr\u00e0 realitzar d&#8217;estos dos modes:<\/p>\n\n\n\n<ol class=\"wp-block-list\"><li>Telem\u00e0ticament per a les fam\u00edlies que tinguen certificat digital (recomanable) a trav\u00e9s de la seu electr\u00f2nica de l&#8217;Ajuntament de Requena (es pot accedir al tutorial amb l&#8217;explicaci\u00f3 dels passos que s&#8217;ha de seguir en la web de l&#8217;Ajuntament de Requena, \u00e0rees, educaci\u00f3, escola infantil municipal) . Es faria una inst\u00e0ncia general a qu\u00e8 s&#8217;afegiria la sol\u00b7licitud i declaraci\u00f3 responsable, la declaraci\u00f3 de la renda de la unitat familiar de l&#8217;exercici 2018 i la renda valenciana d&#8217;inclusi\u00f3.<\/li><li>Presencialment per Registre d&#8217;Entrada de l&#8217;Ajuntament de Requena, oficina SAT amb cita pr\u00e8via, on haur\u00e0 de presentar-se una inst\u00e0ncia general a qu\u00e8 s&#8217;afegiria la sol\u00b7licitud i declaraci\u00f3 responsable, la declaraci\u00f3 de la renda de la unitat familiar de l&#8217;ejerecicio 2018 i la renda valenciana d&#8217;inclusi\u00f3. Per a sol\u00b7licitar la cita pr\u00e8via, hi ha dos opcions:<\/li><\/ol>\n\n\n\n<ul class=\"wp-block-list\"><li>Enviar un correu a <em>sat@requena.es<\/em> indicant nom i cognoms, el tr\u00e0mit que es vol realitzar i un n\u00famero de tel\u00e8fon per a ser citat. <\/li><li>O b\u00e9, cridar al n\u00famero de tel\u00e8fon 96 230 14 00 i marcar posteriorment l&#8217;extensi\u00f3 2007 .<\/li><\/ul>\n\n\n\n<p>Les persones interessades formularan una \u00fanica sol\u00b7licitud utilitzant el model oficial que es troba en esta mateixa web <a href=\"http:\/\/www.requena.es\/es\/page\/escuelas-infantiles-municipales\">http:\/\/www.requena.es\/es\/page\/escuelas-infantiles-municipales<\/a> en la que se recomienda hagan constar las dos opciones de escuela ordenadas por prioridad.<\/p>\n\n\n\n<p>Al costat de la sol\u00b7licitud s&#8217;hauran d&#8217;aportar els documents acreditatius de la renda de la unitat familiar de l&#8217;exercici 2018 i la renda valenciana d&#8217;inclusi\u00f3.<\/p>\n\n\n\n<p>Les sol\u00b7licituds i la documentaci\u00f3 aportada amb posterioritat a la data establida no ser\u00e0 tinguda en compte en la baremaci\u00f3.<\/p>\n\n\n\n<p>En cas de dubtes o aclariments poden posar-se en contacte amb el Gabinet Psicopedag\u00f2gic Municipal al correu electr\u00f2nic <em>gabinetepsicopedagogico@requena.es<\/em> o al tel\u00e8fon 662.681.622.<\/p>\n\n\n\n<p>CALENDARI<\/p>\n\n\n\n<ul class=\"wp-block-list\"><li>Des de les 9h del l&#8217;1 de juny fins a les 23: 59h de el 5 de juny: Presentaci\u00f3 de sol\u00b7licituds de matr\u00edcula i documentaci\u00f3.<\/li><li> 11 de juny: Publicaci\u00f3 de llistes provisionals en les Escoles Infantils i \/ o al SAT.<\/li><li> 11 i 12 de juny fins a les 14: 00h: Reclamacions a les llistes provisionals telem\u00e0ticament a trav\u00e9s de la seu electr\u00f2nica de l&#8217;Ajuntament de Requena (tutorial amb l&#8217;explicaci\u00f3 dels passos a seguir a la web de l&#8217;Ajuntament de Requena, \u00e0rees, educaci\u00f3, escola infantil municipal) o b\u00e9 presencialment per Registre d&#8217;Entrada de l&#8217;Ajuntament de Requena, oficina SAT amb cita pr\u00e8via. Es faria una inst\u00e0ncia general exposant els motius de la reclamaci\u00f3.<\/li><li> 15 de juny: Publicaci\u00f3 de les llistes definitives en les Escoles Infantils i \/ o al SAT.<\/li><li> 15 i 16 de juny fins a les 14: 00h: Reclamacions a les llistes definitives telem\u00e0ticament a trav\u00e9s de la seu electr\u00f2nica de l&#8217;Ajuntament de Requena (es pot accedir a l&#8217;tutorial amb l&#8217;explicaci\u00f3 dels passos a seguir a la web de l&#8217;Ajuntament de Requena, \u00e0rees , educaci\u00f3, escola infantil municipal) o b\u00e9 presencialment per Registre d&#8217;Entrada de l&#8217;Ajuntament de Requena, oficina SAT amb cita pr\u00e8via. Es faria una inst\u00e0ncia general exposant els motius de la reclamaci\u00f3.<\/li><li> 17, 18 i 19 de juny: Formalitzaci\u00f3 de matr\u00edcules en les Escoles Infantils.<\/li><li> 22 de juny: Oferta de places per vacants.<\/li><li> 22 i 23 de juny: Formalitzaci\u00f3 matr\u00edcules per vacant, en les Escoles Infantils.<\/li><li> Juny 25: Publicaci\u00f3 de les llistes d&#8217;espera en les Escoles Infantils i \/ o al SAT.<\/li><\/ul>\n","protected":false},"excerpt":{"rendered":"<div class=\"mh-excerpt\">El termini s&#8217;obri este dilluns 1 de juny de 2020 i finalitza el divendres 5 de juny Durant el mes de juny de 2020 es va a dur a terme el proc\u00e9s d&#8217;admissi\u00f3 i matr\u00edcula <a class=\"mh-excerpt-more\" href=\"https:\/\/www.tucomarca.com\/wordpress\/segunda\/ca\/comenca-el-proces-dadmissio-i-matricula-de-les-escoles-infantils-municipals-de-requena-per-a-2020-2021\/\" title=\"Comen\u00e7a el proc\u00e9s d&#8217;admissi\u00f3 i matr\u00edcula de les Escoles Infantils Municipals de Requena per a 2020-2021\">[+] <\/a><\/div>\n","protected":false},"author":12,"featured_media":107553,"comment_status":"open","ping_status":"open","sticky":false,"template":"","format":"standard","meta":{"footnotes":""},"categories":[10948,10894,10947,10908,10909,10896],"tags":[2850,2907],"class_list":{"0":"post-107554","1":"post","2":"type-post","3":"status-publish","4":"format-standard","5":"has-post-thumbnail","7":"category-infraestructuras-ca","8":"category-la-comarca-ca","9":"category-politica","10":"category-requena-ca","11":"category-requena-utiel-ca","12":"category-seccion-ca","13":"tag-ayuntamiento-de-requena","14":"tag-comarca-requena-utiel"},"_links":{"self":[{"href":"https:\/\/www.tucomarca.com\/wordpress\/segunda\/ca\/wp-json\/wp\/v2\/posts\/107554","targetHints":{"allow":["GET"]}}],"collection":[{"href":"https:\/\/www.tucomarca.com\/wordpress\/segunda\/ca\/wp-json\/wp\/v2\/posts"}],"about":[{"href":"https:\/\/www.tucomarca.com\/wordpress\/segunda\/ca\/wp-json\/wp\/v2\/types\/post"}],"author":[{"embeddable":true,"href":"https:\/\/www.tucomarca.com\/wordpress\/segunda\/ca\/wp-json\/wp\/v2\/users\/12"}],"replies":[{"embeddable":true,"href":"https:\/\/www.tucomarca.com\/wordpress\/segunda\/ca\/wp-json\/wp\/v2\/comments?post=107554"}],"version-history":[{"count":0,"href":"https:\/\/www.tucomarca.com\/wordpress\/segunda\/ca\/wp-json\/wp\/v2\/posts\/107554\/revisions"}],"wp:featuredmedia":[{"embeddable":true,"href":"https:\/\/www.tucomarca.com\/wordpress\/segunda\/ca\/wp-json\/wp\/v2\/media\/107553"}],"wp:attachment":[{"href":"https:\/\/www.tucomarca.com\/wordpress\/segunda\/ca\/wp-json\/wp\/v2\/media?parent=107554"}],"wp:term":[{"taxonomy":"category","embeddable":true,"href":"https:\/\/www.tucomarca.com\/wordpress\/segunda\/ca\/wp-json\/wp\/v2\/categories?post=107554"},{"taxonomy":"post_tag","embeddable":true,"href":"https:\/\/www.tucomarca.com\/wordpress\/segunda\/ca\/wp-json\/wp\/v2\/tags?post=107554"}],"curies":[{"name":"wp","href":"https:\/\/api.w.org\/{rel}","templated":true}]}}