{"id":107793,"date":"2020-06-02T20:15:33","date_gmt":"2020-06-02T18:15:33","guid":{"rendered":"http:\/\/www.tucomarca.com\/wordpress\/segunda\/?p=107793"},"modified":"2020-06-02T20:15:36","modified_gmt":"2020-06-02T18:15:36","slug":"lajuntament-de-bunyol-informa-de-lobertura-de-bosses-de-treball-temporal-per-a-administratius","status":"publish","type":"post","link":"https:\/\/www.tucomarca.com\/wordpress\/segunda\/ca\/lajuntament-de-bunyol-informa-de-lobertura-de-bosses-de-treball-temporal-per-a-administratius\/","title":{"rendered":"L&#8217;Ajuntament de Bunyol informa de l&#8217;obertura de bosses de treball temporal per a Administratius"},"content":{"rendered":"\n<p>La regidoria de Recursos Humans de l&#8217;Ajuntament de Bunyol informa de l&#8217;obertura de termini des del dia d&#8217;ahir dels drets d&#8217;examen per a la formaci\u00f3 de bosses d&#8217;ocupaci\u00f3 temporal d&#8217;Administratius i Auxiliars Administratius. Pot consultar-se tota la informaci\u00f3 aix\u00ed com el n\u00famero de compte on abonar el dret a examen en l&#8217;apartat Ajuntament &#8211; Administraci\u00f3 &#8211; Tauler d&#8217;anuncis. Tot aix\u00f2 ha sigut ja publicat en el BOP. El termini de presentaci\u00f3 d&#8217;inst\u00e0ncies \u00e9s de quinze dies h\u00e0bils a partir del seg\u00fcent a qu\u00e8 aparega en l&#8217;extracte de la convocat\u00f2ria en el BOP (Butllet\u00ed Oficial de la Prov\u00edncia).<\/p>\n\n\n\n<p>Mar\u00eda Vall\u00e9s, edil bu\u00f1olense responsable d&#8217;esta \u00e0rea del consistori, informa aix\u00ed la poblaci\u00f3 que ja poden inscriure&#8217;s per a la realitzaci\u00f3 dels ex\u00e0mens i aix\u00ed optar a estos llocs de treball despr\u00e9s de la constituci\u00f3 de dos bosses d&#8217;ocupaci\u00f3. &#8220;Sab\u00edamos de la necessitat de personal en el nostre Ajuntament, per aix\u00f2 des del minut u per part de l&#8217;equip de govern i en especial de la meua regidoria, estem treballant per augmentar el nombre de treballadors, i aix\u00ed agilitzar terminis, descongestionar i alleujar el funcionament diari en el nostre consistori&#8221;, va finalitzar la regidora bu\u00f1olense.<\/p>\n\n\n\n<p>Tota la informaci\u00f3 pot trobar-se en la web de l&#8217;ajuntament.<\/p>\n","protected":false},"excerpt":{"rendered":"<div class=\"mh-excerpt\">La regidoria de Recursos Humans de l&#8217;Ajuntament de Bunyol informa de l&#8217;obertura de termini des del dia d&#8217;ahir dels drets d&#8217;examen per a la formaci\u00f3 de bosses d&#8217;ocupaci\u00f3 temporal d&#8217;Administratius i Auxiliars Administratius. Pot consultar-se <a class=\"mh-excerpt-more\" href=\"https:\/\/www.tucomarca.com\/wordpress\/segunda\/ca\/lajuntament-de-bunyol-informa-de-lobertura-de-bosses-de-treball-temporal-per-a-administratius\/\" title=\"L&#8217;Ajuntament de Bunyol informa de l&#8217;obertura de bosses de treball temporal per a Administratius\">[+] <\/a><\/div>\n","protected":false},"author":12,"featured_media":107792,"comment_status":"open","ping_status":"open","sticky":false,"template":"","format":"standard","meta":{"footnotes":""},"categories":[10911,10948,10894,10912,10896],"tags":[5335,1238,5952],"class_list":{"0":"post-107793","1":"post","2":"type-post","3":"status-publish","4":"format-standard","5":"has-post-thumbnail","7":"category-bunol-ca","8":"category-infraestructuras-ca","9":"category-la-comarca-ca","10":"category-la-hoya-ca","11":"category-seccion-ca","12":"tag-ayuntamiento-de-bunol","13":"tag-bolsas-de-trabajo","14":"tag-la-hoya-de-bunol-chiva"},"_links":{"self":[{"href":"https:\/\/www.tucomarca.com\/wordpress\/segunda\/ca\/wp-json\/wp\/v2\/posts\/107793","targetHints":{"allow":["GET"]}}],"collection":[{"href":"https:\/\/www.tucomarca.com\/wordpress\/segunda\/ca\/wp-json\/wp\/v2\/posts"}],"about":[{"href":"https:\/\/www.tucomarca.com\/wordpress\/segunda\/ca\/wp-json\/wp\/v2\/types\/post"}],"author":[{"embeddable":true,"href":"https:\/\/www.tucomarca.com\/wordpress\/segunda\/ca\/wp-json\/wp\/v2\/users\/12"}],"replies":[{"embeddable":true,"href":"https:\/\/www.tucomarca.com\/wordpress\/segunda\/ca\/wp-json\/wp\/v2\/comments?post=107793"}],"version-history":[{"count":0,"href":"https:\/\/www.tucomarca.com\/wordpress\/segunda\/ca\/wp-json\/wp\/v2\/posts\/107793\/revisions"}],"wp:featuredmedia":[{"embeddable":true,"href":"https:\/\/www.tucomarca.com\/wordpress\/segunda\/ca\/wp-json\/wp\/v2\/media\/107792"}],"wp:attachment":[{"href":"https:\/\/www.tucomarca.com\/wordpress\/segunda\/ca\/wp-json\/wp\/v2\/media?parent=107793"}],"wp:term":[{"taxonomy":"category","embeddable":true,"href":"https:\/\/www.tucomarca.com\/wordpress\/segunda\/ca\/wp-json\/wp\/v2\/categories?post=107793"},{"taxonomy":"post_tag","embeddable":true,"href":"https:\/\/www.tucomarca.com\/wordpress\/segunda\/ca\/wp-json\/wp\/v2\/tags?post=107793"}],"curies":[{"name":"wp","href":"https:\/\/api.w.org\/{rel}","templated":true}]}}