{"id":107986,"date":"2020-06-03T20:41:12","date_gmt":"2020-06-03T18:41:12","guid":{"rendered":"http:\/\/www.tucomarca.com\/wordpress\/segunda\/?p=107986"},"modified":"2020-06-03T20:42:44","modified_gmt":"2020-06-03T18:42:44","slug":"la-comunitat-valenciana-registra-el-quart-dia-sense-persones-mortes-per-covid-19","status":"publish","type":"post","link":"https:\/\/www.tucomarca.com\/wordpress\/segunda\/ca\/la-comunitat-valenciana-registra-el-quart-dia-sense-persones-mortes-per-covid-19\/","title":{"rendered":"La Comunitat Valenciana registra el quart dia sense persones mortes per Covid-19"},"content":{"rendered":"\n<p>La Comunitat Valenciana no registra, per quart dia consecutiu, cap persona morta per COVID-19. A el mateix temps, les altes a pacients amb coronavirus segueixen en augment i en les \u00faltimes 24 hores s&#8217;han registrat 218 noves altes, que eleven a 12.533 el total de persones curades (el 76,2% de tots els casos detectats). Per prov\u00edncies: 1.557 a la prov\u00edncia de Castell\u00f3, 4.464 a la d&#8217;Alacant i 6.507 a la de Val\u00e8ncia, a les quals cal sumar unes altres 5 corresponents a persones despla\u00e7ades.<\/p>\n\n\n\n<p>Pel que fa a casos positius nous, des de l&#8217;actualitzaci\u00f3 d&#8217;aquest dimarts s&#8217;han detectat 16 casos a trav\u00e9s de PCR que eleven a 11.254 el total de positius des que va comen\u00e7ar la pand\u00e8mia. Per prov\u00edncies: 2 a Castell\u00f3 (1.568 en total); 1 a la prov\u00edncia d&#8217;Alacant (3.925 en total); 12 a la prov\u00edncia de Val\u00e8ncia (5.755 en total); i un cas sense assignar. Cal sumar tamb\u00e9 5 no assignats de dies anteriors.<\/p>\n\n\n\n<p>A hores d&#8217;ara, queden actius 2.470 casos, un 15% de tots els casos detectats des de l&#8217;inici de la pand\u00e8mia<\/p>\n\n\n\n<p>El nombre de persones ingressades per coronavirus als hospitals valencians \u00e9s de 165: 14 a la prov\u00edncia de Castell\u00f3, d&#8217;elles 3 a la UCI; 60 a la prov\u00edncia d&#8217;Alacant, d&#8217;elles 11 a la UCI; i 91 a la prov\u00edncia de Val\u00e8ncia, d&#8217;elles 8 a la UCI.<\/p>\n\n\n\n<p>El nombre d&#8217;altes de professionals sanitaris \u00e9s de 2.222 i el nombre total de positius en professionals a hores d&#8217;ara \u00e9s de 494.<\/p>\n\n\n\n<p>El total de morts per coronavirus \u00e9s de 1.439 en aquests moments. L&#8217;increment de casos reflectit amb relaci\u00f3 a la dada de l&#8217;\u00faltima actualitzaci\u00f3 respon a la incorporaci\u00f3 de 7 morts que es van produir en resid\u00e8ncies durant l&#8217;\u00faltima setmana de maig i que, despr\u00e9s de la seva notificaci\u00f3 i les exhaustives comprovacions realitzades, es confirmen o vinculen epidemiol\u00f2gicament amb COVID -19. Per prov\u00edncies: 220 a la prov\u00edncia de Castell\u00f3, 504 a la d&#8217;Alacant i 715 a la prov\u00edncia de Val\u00e8ncia.<\/p>\n\n\n\n<p>El nombre total de proves dutes a terme per a la detecci\u00f3 de l&#8217;coronavirus han estat 341.408 de les quals 236.435 han estat a trav\u00e9s de PCR i 104.870 a trav\u00e9s de test r\u00e0pid.<\/p>\n\n\n\n<p>Actualitzaci\u00f3 de la situaci\u00f3 en resid\u00e8ncies<\/p>\n\n\n\n<p>En l&#8217;actualitat hi ha algun cas positiu en 74 centres (8 a la prov\u00edncia de Castell\u00f3, 30 a la d&#8217;Alacant i 36 a la prov\u00edncia de Val\u00e8ncia).<\/p>\n\n\n\n<p>\u00b7 Residents nous positius: 1<\/p>\n\n\n\n<p>\u00b7 Personal nou positiu: 1<\/p>\n\n\n\n<p>\u00b7 Residents que han mort: 0<\/p>\n\n\n\n<p>A hores d&#8217;ara, es troben sota vigil\u00e0ncia activa de control sanitari 28 resid\u00e8ncies a la Comunitat Valenciana: 8 a la prov\u00edncia de Castell\u00f3, 7 a la prov\u00edncia d&#8217;Alacant i 13 a la prov\u00edncia de Val\u00e8ncia.<\/p>\n","protected":false},"excerpt":{"rendered":"<div class=\"mh-excerpt\">La Comunitat Valenciana no registra, per quart dia consecutiu, cap persona morta per COVID-19. A el mateix temps, les altes a pacients amb coronavirus segueixen en augment i en les \u00faltimes 24 hores s&#8217;han registrat <a class=\"mh-excerpt-more\" href=\"https:\/\/www.tucomarca.com\/wordpress\/segunda\/ca\/la-comunitat-valenciana-registra-el-quart-dia-sense-persones-mortes-per-covid-19\/\" title=\"La Comunitat Valenciana registra el quart dia sense persones mortes per Covid-19\">[+] <\/a><\/div>\n","protected":false},"author":1,"featured_media":107987,"comment_status":"open","ping_status":"open","sticky":false,"template":"","format":"standard","meta":{"footnotes":""},"categories":[11010,12202,10898,10948,10894,10904,10903,10947,10896,10897],"tags":[11939,11940,11952],"class_list":{"0":"post-107986","1":"post","2":"type-post","3":"status-publish","4":"format-standard","5":"has-post-thumbnail","7":"category-canal-salud","8":"category-covid-19-ca","9":"category-ventana-ca","10":"category-infraestructuras-ca","11":"category-la-comarca-ca","12":"category-sin-categorizar-ca","13":"category-medio-ambiente-la-comarca-ca","14":"category-politica","15":"category-seccion-ca","16":"category-sucesos-la-comarca-ca","17":"tag-coronavirus-ca","18":"tag-covid-19-ca","19":"tag-covid2019-ca"},"_links":{"self":[{"href":"https:\/\/www.tucomarca.com\/wordpress\/segunda\/ca\/wp-json\/wp\/v2\/posts\/107986","targetHints":{"allow":["GET"]}}],"collection":[{"href":"https:\/\/www.tucomarca.com\/wordpress\/segunda\/ca\/wp-json\/wp\/v2\/posts"}],"about":[{"href":"https:\/\/www.tucomarca.com\/wordpress\/segunda\/ca\/wp-json\/wp\/v2\/types\/post"}],"author":[{"embeddable":true,"href":"https:\/\/www.tucomarca.com\/wordpress\/segunda\/ca\/wp-json\/wp\/v2\/users\/1"}],"replies":[{"embeddable":true,"href":"https:\/\/www.tucomarca.com\/wordpress\/segunda\/ca\/wp-json\/wp\/v2\/comments?post=107986"}],"version-history":[{"count":0,"href":"https:\/\/www.tucomarca.com\/wordpress\/segunda\/ca\/wp-json\/wp\/v2\/posts\/107986\/revisions"}],"wp:featuredmedia":[{"embeddable":true,"href":"https:\/\/www.tucomarca.com\/wordpress\/segunda\/ca\/wp-json\/wp\/v2\/media\/107987"}],"wp:attachment":[{"href":"https:\/\/www.tucomarca.com\/wordpress\/segunda\/ca\/wp-json\/wp\/v2\/media?parent=107986"}],"wp:term":[{"taxonomy":"category","embeddable":true,"href":"https:\/\/www.tucomarca.com\/wordpress\/segunda\/ca\/wp-json\/wp\/v2\/categories?post=107986"},{"taxonomy":"post_tag","embeddable":true,"href":"https:\/\/www.tucomarca.com\/wordpress\/segunda\/ca\/wp-json\/wp\/v2\/tags?post=107986"}],"curies":[{"name":"wp","href":"https:\/\/api.w.org\/{rel}","templated":true}]}}