{"id":107996,"date":"2020-06-03T10:00:28","date_gmt":"2020-06-03T08:00:28","guid":{"rendered":"http:\/\/www.tucomarca.com\/wordpress\/segunda\/?p=107996"},"modified":"2020-06-03T21:23:09","modified_gmt":"2020-06-03T19:23:09","slug":"lajuntament-de-requena-inicia-una-campanya-informativa-per-a-previndre-els-efectes-del-mosquit-tigre","status":"publish","type":"post","link":"https:\/\/www.tucomarca.com\/wordpress\/segunda\/ca\/lajuntament-de-requena-inicia-una-campanya-informativa-per-a-previndre-els-efectes-del-mosquit-tigre\/","title":{"rendered":"L&#8217;Ajuntament de Requena inicia una campanya informativa per a previndre els efectes del mosquit tigre"},"content":{"rendered":"\n<p><strong>Per a aix\u00f2, s&#8217;estan col\u00b7locant cartells informatius amb instruccions i consells \u00fatils tant en la localitat com en les seues pedanies<\/strong><\/p>\n\n\n\n<p>El consistori requenense, a trav\u00e9s de la regidoria de Sanitat, ha posat en marxa una campanya informativa que pret\u00e9n difondre entre els habitants del municipi les nocions b\u00e0siques per evitar la proliferaci\u00f3 de el mosquit tigre, tal com recomana la Direcci\u00f3 General de Salut P\u00fablica de la Generalitat Valenciana.<\/p>\n\n\n\n<p>Per a aix\u00f2, s&#8217;estan col\u00b7locant cartells informatius amb instruccions i consells \u00fatils tant en diversos llocs de la localitat com en les diferents pedanies que t\u00e9 el municipi de Requena.<\/p>\n\n\n\n<p>El mosquit tigre \u00e9s un insecte de dimensions redu\u00efdes (entre 2 i 10 mm), de color negre amb ratlles blanques -m\u00e9s visibles a les potes i a l&#8217;abdomen-, i amb una l\u00ednia blanca al front i al t\u00f2rax.<\/p>\n\n\n\n<p>Es caracteritza per volar baix, per aix\u00f2 sol afectar les extremitats inferiors de les persones.<\/p>\n\n\n\n<p>La sensaci\u00f3 de mol\u00e8stia de la picada \u00e9s m\u00e9s important en aquelles zones on el mosquit tigre s&#8217;ha introdu\u00eft m\u00e9s recentment, en comparaci\u00f3 amb altres on hi ha una certa habituaci\u00f3 i, els s\u00edmptomes de la picada es van atenuant.<\/p>\n\n\n\n<p>Segons explica el tr\u00edptic i els cartells distribu\u00efts per la Generalitat Valenciana, \u00e9s molt recomanable tamb\u00e9 que per contribuir a l&#8217;control de les poblacions, s&#8217;han de revisar amb cura els domicilis perqu\u00e8 els mosquits troben en l&#8217;\u00e0mbit dom\u00e8stic una \u00e0mplia varietat d&#8217;espais on refugiar-se i criar, ja siguen balcons, patis, terrasses o jardins.<\/p>\n\n\n\n<p>Finalment, cal destacar que per frenar la seua propagaci\u00f3 cal evitar acumulacions d&#8217;aigua i col\u00b7locar teles mosquiteres en els conductes de respiraci\u00f3 de pous, fosses s\u00e8ptiques i aljubs.<\/p>\n\n\n\n<p>Per a m\u00e9s informaci\u00f3, es pot consultar la seg\u00fcent p\u00e0gina web: www.mosquitigre.san.gva.es<\/p>\n","protected":false},"excerpt":{"rendered":"<div class=\"mh-excerpt\">Per a aix\u00f2, s&#8217;estan col\u00b7locant cartells informatius amb instruccions i consells \u00fatils tant en la localitat com en les seues pedanies El consistori requenense, a trav\u00e9s de la regidoria de Sanitat, ha posat en marxa <a class=\"mh-excerpt-more\" href=\"https:\/\/www.tucomarca.com\/wordpress\/segunda\/ca\/lajuntament-de-requena-inicia-una-campanya-informativa-per-a-previndre-els-efectes-del-mosquit-tigre\/\" title=\"L&#8217;Ajuntament de Requena inicia una campanya informativa per a previndre els efectes del mosquit tigre\">[+] <\/a><\/div>\n","protected":false},"author":12,"featured_media":107993,"comment_status":"open","ping_status":"open","sticky":false,"template":"","format":"standard","meta":{"footnotes":""},"categories":[11010,10948,10894,10903,10947,10908,10909,10896,10897],"tags":[11254,11255,12213,10910],"class_list":{"0":"post-107996","1":"post","2":"type-post","3":"status-publish","4":"format-standard","5":"has-post-thumbnail","7":"category-canal-salud","8":"category-infraestructuras-ca","9":"category-la-comarca-ca","10":"category-medio-ambiente-la-comarca-ca","11":"category-politica","12":"category-requena-ca","13":"category-requena-utiel-ca","14":"category-seccion-ca","15":"category-sucesos-la-comarca-ca","16":"tag-ayuntamiento-de-requena-ca","17":"tag-comarca-requena-utiel-ca","18":"tag-mosquito-tigre-ca","19":"tag-requena-utiel-ca"},"_links":{"self":[{"href":"https:\/\/www.tucomarca.com\/wordpress\/segunda\/ca\/wp-json\/wp\/v2\/posts\/107996","targetHints":{"allow":["GET"]}}],"collection":[{"href":"https:\/\/www.tucomarca.com\/wordpress\/segunda\/ca\/wp-json\/wp\/v2\/posts"}],"about":[{"href":"https:\/\/www.tucomarca.com\/wordpress\/segunda\/ca\/wp-json\/wp\/v2\/types\/post"}],"author":[{"embeddable":true,"href":"https:\/\/www.tucomarca.com\/wordpress\/segunda\/ca\/wp-json\/wp\/v2\/users\/12"}],"replies":[{"embeddable":true,"href":"https:\/\/www.tucomarca.com\/wordpress\/segunda\/ca\/wp-json\/wp\/v2\/comments?post=107996"}],"version-history":[{"count":0,"href":"https:\/\/www.tucomarca.com\/wordpress\/segunda\/ca\/wp-json\/wp\/v2\/posts\/107996\/revisions"}],"wp:featuredmedia":[{"embeddable":true,"href":"https:\/\/www.tucomarca.com\/wordpress\/segunda\/ca\/wp-json\/wp\/v2\/media\/107993"}],"wp:attachment":[{"href":"https:\/\/www.tucomarca.com\/wordpress\/segunda\/ca\/wp-json\/wp\/v2\/media?parent=107996"}],"wp:term":[{"taxonomy":"category","embeddable":true,"href":"https:\/\/www.tucomarca.com\/wordpress\/segunda\/ca\/wp-json\/wp\/v2\/categories?post=107996"},{"taxonomy":"post_tag","embeddable":true,"href":"https:\/\/www.tucomarca.com\/wordpress\/segunda\/ca\/wp-json\/wp\/v2\/tags?post=107996"}],"curies":[{"name":"wp","href":"https:\/\/api.w.org\/{rel}","templated":true}]}}