{"id":108004,"date":"2020-06-04T10:37:50","date_gmt":"2020-06-04T08:37:50","guid":{"rendered":"http:\/\/www.tucomarca.com\/wordpress\/segunda\/?p=108004"},"modified":"2020-06-04T10:38:20","modified_gmt":"2020-06-04T08:38:20","slug":"torna-el-mercat-ambulant-a-xest-amb-noves-mesures-de-proteccio-davant-del-contagi","status":"publish","type":"post","link":"https:\/\/www.tucomarca.com\/wordpress\/segunda\/ca\/torna-el-mercat-ambulant-a-xest-amb-noves-mesures-de-proteccio-davant-del-contagi\/","title":{"rendered":"Torna el mercat ambulant a Xest amb noves mesures de protecci\u00f3 davant del contagi"},"content":{"rendered":"\n<p>Divendres que ve, 5 de juny, tornar\u00e0 a instal\u00b7lar-se el mercat ambulant a la pla\u00e7a de mercat, per\u00f2 amb restriccions per minimitzar les possibilitats de contagi de la COVID-19.<\/p>\n\n\n\n<p>Es regularan els accessos, permetent nom\u00e9s l&#8217;entrada a la pla\u00e7a per la carrers Ermita i M\u00e9ndez N\u00fa\u00f1ez i s&#8217;oferir\u00e0 gel hidroalcoh\u00f3lico per a la desinfecci\u00f3 de mans. A m\u00e9s, el nombre de llocs es redueix, dels 60 habituals a 26, que s&#8217;aniran alternant setmanalment mentre es mantingue vigent l&#8217;actual normativa. De la mateixa manera, els llocs ambulants que s&#8217;instal\u00b7laven dissabte tornaran a fer-ho.<\/p>\n\n\n\n<p>Des de la regidoria de Comer\u00e7 s&#8217;apel\u00b7la a la responsabilitat ciutadana per seguir les mesures de seguretat individuals necess\u00e0ries. &#8220;Els ve\u00efns i ve\u00efnes que acudeixen a comprar han de portar mascareta, higienitzar les mans i mantenir la dist\u00e0ncia de seguretat, a m\u00e9s de respectar la senyalitzaci\u00f3 per evitar aglomeracions i contribuir a l&#8217;manteniment de la dist\u00e0ncia preventiva&#8221;, ha explicat la regidora de Comer\u00e7, Brenda Jim\u00e9nez . &#8220;Tamb\u00e9 demanem encaridament a la gent que nom\u00e9s toque el g\u00e8nere que vaga a comprar i recomanem que porten les seues pr\u00f2pies bosses reutilitzables per reduir l&#8217;\u00fas de l&#8217;pl\u00e0stic d&#8217;un sol \u00fas&#8221;.<\/p>\n","protected":false},"excerpt":{"rendered":"<div class=\"mh-excerpt\">Divendres que ve, 5 de juny, tornar\u00e0 a instal\u00b7lar-se el mercat ambulant a la pla\u00e7a de mercat, per\u00f2 amb restriccions per minimitzar les possibilitats de contagi de la COVID-19. Es regularan els accessos, permetent nom\u00e9s <a class=\"mh-excerpt-more\" href=\"https:\/\/www.tucomarca.com\/wordpress\/segunda\/ca\/torna-el-mercat-ambulant-a-xest-amb-noves-mesures-de-proteccio-davant-del-contagi\/\" title=\"Torna el mercat ambulant a Xest amb noves mesures de protecci\u00f3 davant del contagi\">[+] <\/a><\/div>\n","protected":false},"author":12,"featured_media":108006,"comment_status":"open","ping_status":"open","sticky":false,"template":"","format":"standard","meta":{"footnotes":""},"categories":[11010,12202,10948,10894,10912,10903,10947,10896,10897,10974],"tags":[11222,11939,11940,10914],"class_list":{"0":"post-108004","1":"post","2":"type-post","3":"status-publish","4":"format-standard","5":"has-post-thumbnail","7":"category-canal-salud","8":"category-covid-19-ca","9":"category-infraestructuras-ca","10":"category-la-comarca-ca","11":"category-la-hoya-ca","12":"category-medio-ambiente-la-comarca-ca","13":"category-politica","14":"category-seccion-ca","15":"category-sucesos-la-comarca-ca","16":"category-cheste-ca","17":"tag-ayuntamiento-de-cheste-ca","18":"tag-coronavirus-ca","19":"tag-covid-19-ca","20":"tag-la-hoya-de-bunol-chiva-ca"},"_links":{"self":[{"href":"https:\/\/www.tucomarca.com\/wordpress\/segunda\/ca\/wp-json\/wp\/v2\/posts\/108004","targetHints":{"allow":["GET"]}}],"collection":[{"href":"https:\/\/www.tucomarca.com\/wordpress\/segunda\/ca\/wp-json\/wp\/v2\/posts"}],"about":[{"href":"https:\/\/www.tucomarca.com\/wordpress\/segunda\/ca\/wp-json\/wp\/v2\/types\/post"}],"author":[{"embeddable":true,"href":"https:\/\/www.tucomarca.com\/wordpress\/segunda\/ca\/wp-json\/wp\/v2\/users\/12"}],"replies":[{"embeddable":true,"href":"https:\/\/www.tucomarca.com\/wordpress\/segunda\/ca\/wp-json\/wp\/v2\/comments?post=108004"}],"version-history":[{"count":0,"href":"https:\/\/www.tucomarca.com\/wordpress\/segunda\/ca\/wp-json\/wp\/v2\/posts\/108004\/revisions"}],"wp:featuredmedia":[{"embeddable":true,"href":"https:\/\/www.tucomarca.com\/wordpress\/segunda\/ca\/wp-json\/wp\/v2\/media\/108006"}],"wp:attachment":[{"href":"https:\/\/www.tucomarca.com\/wordpress\/segunda\/ca\/wp-json\/wp\/v2\/media?parent=108004"}],"wp:term":[{"taxonomy":"category","embeddable":true,"href":"https:\/\/www.tucomarca.com\/wordpress\/segunda\/ca\/wp-json\/wp\/v2\/categories?post=108004"},{"taxonomy":"post_tag","embeddable":true,"href":"https:\/\/www.tucomarca.com\/wordpress\/segunda\/ca\/wp-json\/wp\/v2\/tags?post=108004"}],"curies":[{"name":"wp","href":"https:\/\/api.w.org\/{rel}","templated":true}]}}