{"id":108070,"date":"2020-06-04T21:49:40","date_gmt":"2020-06-04T19:49:40","guid":{"rendered":"http:\/\/www.tucomarca.com\/wordpress\/segunda\/?p=108070"},"modified":"2020-06-04T21:50:41","modified_gmt":"2020-06-04T19:50:41","slug":"el-7-de-juny-sobri-la-inscripcio-de-lescola-destiu-de-xest-2020","status":"publish","type":"post","link":"https:\/\/www.tucomarca.com\/wordpress\/segunda\/ca\/el-7-de-juny-sobri-la-inscripcio-de-lescola-destiu-de-xest-2020\/","title":{"rendered":"El 7 de juny s&#8217;obri la inscripci\u00f3 de l&#8217;Escola d&#8217;Estiu de Xest 2020"},"content":{"rendered":"\n<p><strong>L&#8217;activitat compta amb un protocol de seguretat i higiene especial, seguint les recomanacions sanit\u00e0ries<\/strong><\/p>\n\n\n\n<p>Des de les regidories d&#8217;Educaci\u00f3 i Sanitat s&#8217;ha organitzat una nova edici\u00f3 de l&#8217;Escola d&#8217;Estiu de Cheste amb un protocol especial, seguint les indicacions sanit\u00e0ries a causa de la pand\u00e8mia ocasionada per la COVID-19 i despr\u00e9s de realitzar una consulta als grups pol\u00edtics, a agents socials i a l&#8217;empresa encarregada de portar-la a cap, Tempssport.<\/p>\n\n\n\n<p>&#8220;Para realitzar l&#8217;activitat \u00e9s necess\u00e0ria una inversi\u00f3 excepcional que ja s&#8217;ha contemplat entre les mesures que l&#8217;Ajuntament posar\u00e0 en marxa per a pal\u00b7liar els efectes de la pand\u00e8mia. Creiem que les fam\u00edlies i els xiquets i xiquetes de Cheste mereixen un esfor\u00e7 pressupostari i organitzatiu despr\u00e9s d&#8217;estos mesos de confinamiento&#8221;, ha declarat la regidora d&#8217;Educaci\u00f3 i Sanitat, M\u00aa \u00c1ngeles Llorente. &#8220;Se repartiran 876 guies les fam\u00edlies amb xiquets i xiquetes matriculats en Infantil i Prim\u00e0ria amb la informaci\u00f3 sobre el desenrotllament de l&#8217;escola i els protocols que s&#8217;ha de seguir; l&#8217;objectiu \u00e9s que abans de fer la matr\u00edcula s\u00e0pien tot el que implica i puguen prendre una decisi\u00f3 consciente&#8221;.<\/p>\n\n\n\n<p>L&#8217;Escola d&#8217;Estiu es desenrotllar\u00e0 durant el mes de juliol en horari de dilluns a divendres, de 9 a 14 hores i tindr\u00e0 lloc en els col\u00b7legis CEIP Francisco Giner dels Rius, CEIP Vicente Blasco Ib\u00e1\u00f1ez i CEIP Ana Lluch. Les sol\u00b7licituds podran realitzar-se del 7 al 19 de juny a trav\u00e9s de la web municipal cheste.es en l&#8217;apartat d&#8217;Autoliquidacions (dins del men\u00fa Ajuntament) . Enguany el lema \u00e9s Cuidem la Vida, Cuidem la Terra i la programaci\u00f3 inclour\u00e0 activitats per a educar en la import\u00e0ncia d&#8217;h\u00e0bits preventius i saludables i de preservaci\u00f3 i atenci\u00f3 del medi ambient.&#8221;<\/p>\n\n\n\n<p>El projecte de l&#8217;escola s&#8217;ha elaborat amb la col\u00b7laboraci\u00f3 d&#8217;Esteban Rosero, coordinador del Centre de Salut de Cheste, qui ha assessorat i revisat els protocols establits per a garantir la m\u00e0xima seguretat i higiene. &#8220;Adem\u00e1s de l&#8217;ajuda d&#8217;Esteban, cal destacar la col\u00b7laboraci\u00f3 de les directores dels centres educatius i la implicaci\u00f3 de l&#8217;empresa Tempssport, encarregada d&#8217;organitzar i realitzar l&#8217;escola en estos temps dif\u00edciles&#8221;, ha destacat la regidora.<\/p>\n\n\n\n<p>&nbsp;<strong>Protocols<\/strong><\/p>\n\n\n\n<p>Tal com s&#8217;explica en la guia, s&#8217;han establit criteris per a fer l&#8217;entrada i l&#8217;eixida dels xiquets i xiquetes de forma escalonada, cada 5 minuts i per diferents portes; l&#8217;hora assignada figurar\u00e0 en els seus carnets. A m\u00e9s es prendr\u00e0 la temperatura de l&#8217;alumnat di\u00e0riament i els xiquets i xiquetes hauran de portar un kit de material personal que es desinfectar\u00e0 tamb\u00e9 cada dia. Les classes s&#8217;organitzaran en forma de U, garantint la dist\u00e0ncia de 2 metres entre els menors.<\/p>\n\n\n\n<p>A m\u00e9s, tot el personal se sotmetr\u00e0 a un Test Serol\u00f3gico R\u00e0pid i realitzar\u00e0 un Curs de Formaci\u00f3 Especialitzada en COVID-19, impartit pel coordinador del Centre de Salut de Cheste.<\/p>\n\n\n\n<p>Per la seua banda, les fam\u00edlies dels i les menors seran responsables d&#8217;avisar a la direcci\u00f3 de l&#8217;Escola d&#8217;Estiu sobre qualsevol possible s\u00edmptoma en el cercle familiar o d&#8217;amistats pr\u00f2ximes.<\/p>\n\n\n\n<p>&#8220;Anem a intentar que la seguretat siga m\u00e0xima i que el projecte educatiu s&#8217;adeq\u00fce als temps que estem vivint, sense perdre l&#8217;esperit de l&#8217;escola d&#8217;estiu, que \u00e9s divertir-se aprenent, socialitzar-se i conviure en armon\u00eda&#8221;, ha apuntat Llorente. &#8220;De totes formes, la posada en marxa de l&#8217;escola ser\u00e0 possible sempre que la pand\u00e8mia evolucione favorablement, per la qual cosa si es produ\u00efra una emerg\u00e8ncia sanit\u00e0ria i arribat el moment del seu comen\u00e7ament no f\u00f3ra possible realitzar-la, es tornaria els diners a totes les fam\u00edlies o es modificaria el pla d&#8217;acci\u00f3 d&#8217;acord amb els nous canvis normatius que es dictaminen&#8221;.<\/p>\n\n\n\n<p>La guia est\u00e0 disponible en la web municipal, <em>cheste.es<\/em>.<\/p>\n","protected":false},"excerpt":{"rendered":"<div class=\"mh-excerpt\">L&#8217;activitat compta amb un protocol de seguretat i higiene especial, seguint les recomanacions sanit\u00e0ries Des de les regidories d&#8217;Educaci\u00f3 i Sanitat s&#8217;ha organitzat una nova edici\u00f3 de l&#8217;Escola d&#8217;Estiu de Cheste amb un protocol especial, <a class=\"mh-excerpt-more\" href=\"https:\/\/www.tucomarca.com\/wordpress\/segunda\/ca\/el-7-de-juny-sobri-la-inscripcio-de-lescola-destiu-de-xest-2020\/\" title=\"El 7 de juny s&#8217;obri la inscripci\u00f3 de l&#8217;Escola d&#8217;Estiu de Xest 2020\">[+] <\/a><\/div>\n","protected":false},"author":12,"featured_media":108067,"comment_status":"open","ping_status":"open","sticky":false,"template":"","format":"standard","meta":{"footnotes":""},"categories":[11019,11010,12202,10948,10894,10912,10903,10947,10896,10897,10974],"tags":[11222,11939,11940,12217,10914],"class_list":{"0":"post-108070","1":"post","2":"type-post","3":"status-publish","4":"format-standard","5":"has-post-thumbnail","7":"category-agenda-ca","8":"category-canal-salud","9":"category-covid-19-ca","10":"category-infraestructuras-ca","11":"category-la-comarca-ca","12":"category-la-hoya-ca","13":"category-medio-ambiente-la-comarca-ca","14":"category-politica","15":"category-seccion-ca","16":"category-sucesos-la-comarca-ca","17":"category-cheste-ca","18":"tag-ayuntamiento-de-cheste-ca","19":"tag-coronavirus-ca","20":"tag-covid-19-ca","21":"tag-escuelas-de-verano-ca","22":"tag-la-hoya-de-bunol-chiva-ca"},"_links":{"self":[{"href":"https:\/\/www.tucomarca.com\/wordpress\/segunda\/ca\/wp-json\/wp\/v2\/posts\/108070","targetHints":{"allow":["GET"]}}],"collection":[{"href":"https:\/\/www.tucomarca.com\/wordpress\/segunda\/ca\/wp-json\/wp\/v2\/posts"}],"about":[{"href":"https:\/\/www.tucomarca.com\/wordpress\/segunda\/ca\/wp-json\/wp\/v2\/types\/post"}],"author":[{"embeddable":true,"href":"https:\/\/www.tucomarca.com\/wordpress\/segunda\/ca\/wp-json\/wp\/v2\/users\/12"}],"replies":[{"embeddable":true,"href":"https:\/\/www.tucomarca.com\/wordpress\/segunda\/ca\/wp-json\/wp\/v2\/comments?post=108070"}],"version-history":[{"count":0,"href":"https:\/\/www.tucomarca.com\/wordpress\/segunda\/ca\/wp-json\/wp\/v2\/posts\/108070\/revisions"}],"wp:featuredmedia":[{"embeddable":true,"href":"https:\/\/www.tucomarca.com\/wordpress\/segunda\/ca\/wp-json\/wp\/v2\/media\/108067"}],"wp:attachment":[{"href":"https:\/\/www.tucomarca.com\/wordpress\/segunda\/ca\/wp-json\/wp\/v2\/media?parent=108070"}],"wp:term":[{"taxonomy":"category","embeddable":true,"href":"https:\/\/www.tucomarca.com\/wordpress\/segunda\/ca\/wp-json\/wp\/v2\/categories?post=108070"},{"taxonomy":"post_tag","embeddable":true,"href":"https:\/\/www.tucomarca.com\/wordpress\/segunda\/ca\/wp-json\/wp\/v2\/tags?post=108070"}],"curies":[{"name":"wp","href":"https:\/\/api.w.org\/{rel}","templated":true}]}}