{"id":108094,"date":"2020-06-04T21:59:02","date_gmt":"2020-06-04T19:59:02","guid":{"rendered":"http:\/\/www.tucomarca.com\/wordpress\/segunda\/?p=108094"},"modified":"2020-06-04T21:59:32","modified_gmt":"2020-06-04T19:59:32","slug":"lajuntament-de-xest-no-obrira-definitivament-la-seua-piscina-este-estiu","status":"publish","type":"post","link":"https:\/\/www.tucomarca.com\/wordpress\/segunda\/ca\/lajuntament-de-xest-no-obrira-definitivament-la-seua-piscina-este-estiu\/","title":{"rendered":"L&#8217;Ajuntament de Xest no obrir\u00e0 definitivament la seua piscina este estiu"},"content":{"rendered":"\n<p>Xest mantindr\u00e0 les piscines municipals tancades este estiu. Aix\u00ed ho ha decidit l&#8217;Ajuntament, despr\u00e9s de valorar la situaci\u00f3 davant de la crisi sanit\u00e0ria ocasionada per la COVID- 19. &#8220;Nuestra prioritat \u00e9s assegurar la salut p\u00fablica; en estos moments hem de ser previnguts&#8221;, ha destacat l&#8217;alcalde, Jos\u00e9 Morell.<\/p>\n\n\n\n<p>A pesar que el passat 14 de maig el Ministeri de Sanitat va publicar les recomanacions b\u00e0siques i espec\u00edfiques per a l&#8217;obertura de piscines despr\u00e9s de la crisi, entre les que s&#8217;arreplegava la restricci\u00f3 de l&#8217;aforament al 30% i altres mesures de seguretat i higiene, l&#8217;Ajuntament de Xest ha optat per no obrir les instal\u00b7lacions este estiu. &#8220;Ha sigut una decisi\u00f3 dif\u00edcil, per\u00f2 la nostra finalitat \u00e9s evitar conductes de risc que puguen donar lloc a un rebrot de coronavirus entre la poblaci\u00f3n&#8221;, apunta el regidor d&#8217;Esports, Francisco Llorens. &#8220;Durante el tancament de les instal\u00b7lacions aprofitarem per a fer una rehabilitaci\u00f3 de les piscines; aix\u00ed el pr\u00f2xim estiu podrem disfrutar-les en perfecte estat, si la situaci\u00f3 el permite&#8221;.<\/p>\n\n\n\n<p>A m\u00e9s de Xest, altres localitats ve\u00efnes, com Siete Aguas, Dos Aguas, Millares, Macastre, Y\u00e1tova, Alborache, Tur\u00eds i Godelleta tampoc obriran les seues piscines. &#8220;Esta decisi\u00f3 es pren a fi que la ciutadania puga disfrutar de les seues vacacions amb garanties sanitarias&#8221;, han afirmat els edils d&#8217;estos consistoris en un comunicat publicat el passat 29 de maig per la Mancomunitat Foia de Bunyol-Chiva.<\/p>\n","protected":false},"excerpt":{"rendered":"<div class=\"mh-excerpt\">Xest mantindr\u00e0 les piscines municipals tancades este estiu. Aix\u00ed ho ha decidit l&#8217;Ajuntament, despr\u00e9s de valorar la situaci\u00f3 davant de la crisi sanit\u00e0ria ocasionada per la COVID- 19. &#8220;Nuestra prioritat \u00e9s assegurar la salut p\u00fablica; <a class=\"mh-excerpt-more\" href=\"https:\/\/www.tucomarca.com\/wordpress\/segunda\/ca\/lajuntament-de-xest-no-obrira-definitivament-la-seua-piscina-este-estiu\/\" title=\"L&#8217;Ajuntament de Xest no obrir\u00e0 definitivament la seua piscina este estiu\">[+] <\/a><\/div>\n","protected":false},"author":12,"featured_media":108106,"comment_status":"open","ping_status":"open","sticky":false,"template":"","format":"standard","meta":{"footnotes":""},"categories":[11010,12202,10948,10894,10912,10903,11007,10947,10896,10897,10974],"tags":[11222,11939,11940,10914,12220],"class_list":{"0":"post-108094","1":"post","2":"type-post","3":"status-publish","4":"format-standard","5":"has-post-thumbnail","7":"category-canal-salud","8":"category-covid-19-ca","9":"category-infraestructuras-ca","10":"category-la-comarca-ca","11":"category-la-hoya-ca","12":"category-medio-ambiente-la-comarca-ca","13":"category-ocio-y-cultura-ca","14":"category-politica","15":"category-seccion-ca","16":"category-sucesos-la-comarca-ca","17":"category-cheste-ca","18":"tag-ayuntamiento-de-cheste-ca","19":"tag-coronavirus-ca","20":"tag-covid-19-ca","21":"tag-la-hoya-de-bunol-chiva-ca","22":"tag-piscina-municipal-ca"},"_links":{"self":[{"href":"https:\/\/www.tucomarca.com\/wordpress\/segunda\/ca\/wp-json\/wp\/v2\/posts\/108094","targetHints":{"allow":["GET"]}}],"collection":[{"href":"https:\/\/www.tucomarca.com\/wordpress\/segunda\/ca\/wp-json\/wp\/v2\/posts"}],"about":[{"href":"https:\/\/www.tucomarca.com\/wordpress\/segunda\/ca\/wp-json\/wp\/v2\/types\/post"}],"author":[{"embeddable":true,"href":"https:\/\/www.tucomarca.com\/wordpress\/segunda\/ca\/wp-json\/wp\/v2\/users\/12"}],"replies":[{"embeddable":true,"href":"https:\/\/www.tucomarca.com\/wordpress\/segunda\/ca\/wp-json\/wp\/v2\/comments?post=108094"}],"version-history":[{"count":0,"href":"https:\/\/www.tucomarca.com\/wordpress\/segunda\/ca\/wp-json\/wp\/v2\/posts\/108094\/revisions"}],"wp:featuredmedia":[{"embeddable":true,"href":"https:\/\/www.tucomarca.com\/wordpress\/segunda\/ca\/wp-json\/wp\/v2\/media\/108106"}],"wp:attachment":[{"href":"https:\/\/www.tucomarca.com\/wordpress\/segunda\/ca\/wp-json\/wp\/v2\/media?parent=108094"}],"wp:term":[{"taxonomy":"category","embeddable":true,"href":"https:\/\/www.tucomarca.com\/wordpress\/segunda\/ca\/wp-json\/wp\/v2\/categories?post=108094"},{"taxonomy":"post_tag","embeddable":true,"href":"https:\/\/www.tucomarca.com\/wordpress\/segunda\/ca\/wp-json\/wp\/v2\/tags?post=108094"}],"curies":[{"name":"wp","href":"https:\/\/api.w.org\/{rel}","templated":true}]}}