{"id":108179,"date":"2020-06-09T11:30:25","date_gmt":"2020-06-09T09:30:25","guid":{"rendered":"http:\/\/www.tucomarca.com\/wordpress\/segunda\/?p=108179"},"modified":"2020-06-09T11:31:11","modified_gmt":"2020-06-09T09:31:11","slug":"lajuntament-dutiel-repren-latencio-presencial-amb-cita-previa","status":"publish","type":"post","link":"https:\/\/www.tucomarca.com\/wordpress\/segunda\/ca\/lajuntament-dutiel-repren-latencio-presencial-amb-cita-previa\/","title":{"rendered":"L&#8217;Ajuntament d&#8217;Utiel repr\u00e9n l&#8217;atenci\u00f3 presencial amb cita pr\u00e8via"},"content":{"rendered":"\n<p><strong>Els diferents departaments del consistori utielano obrin al p\u00fablic per a consultes i tramitaci\u00f3 per mitj\u00e0 de reserva de cita pr\u00e8via<\/strong><\/p>\n\n\n\n<p>Hui l&#8217;Ajuntament d&#8217;Utiel obri novament les seues portes a la ciutadania amb atenci\u00f3 presencial per mitj\u00e0 de cita pr\u00e8via seguint els protocols de seguretat i higiene marcats pel Ministeri de Sanitat. <\/p>\n\n\n\n<p>Despr\u00e9s de la declaraci\u00f3 de l&#8217;estat d&#8217;alarma el passat 14 de mar\u00e7 l&#8217;atenci\u00f3 presencial a la ciutadania es va substituir per la telef\u00f2nica o telem\u00e0tica amb l&#8217;objectiu d&#8217;evitar la propagaci\u00f3 del virus. Unes restriccions que passen a flexibilitzar-se durant esta fase 2 de la desescalada per a facilitar una atenci\u00f3 directa a la poblaci\u00f3.<\/p>\n\n\n\n<p><strong>Atenci\u00f3 per mitj\u00e0 de cita pr\u00e8via<\/strong><\/p>\n\n\n\n<p>L&#8217;atenci\u00f3 ciutadana s&#8217;establir\u00e0 per torns per mitj\u00e0 de cita concertada via telef\u00f2nica per a evitar aglomeracions en la sala d&#8217;espera de l&#8217;Ajuntament.<\/p>\n\n\n\n<p>Per a accedir a les instal\u00b7lacions municipals, els usuaris hauran de complir la normativa establida per les administracions sanit\u00e0ries. <\/p>\n\n\n\n<p>Els usuaris podran reserva cita pr\u00e8via de dilluns a divendres en horari de 9 a 14 hores cridant al departament.&nbsp;<\/p>\n\n\n\n<p><strong>-CENTRALITA \/ SAIC               -SERVEIS SOCIALS <\/strong><\/p>\n\n\n\n<p>96 217 05 04                                 674 76 33 93 &nbsp;<\/p>\n\n\n\n<p><strong>-ESPORTS                               -URBANISME<\/strong><\/p>\n\n\n\n<p>637 83 87 89                                637 83 87 75&nbsp;<\/p>\n\n\n\n<p><strong>-SECRETARIA                           -GESTI\u00d3 TRIBUTARIA<\/strong><\/p>\n\n\n\n<p>610 42 60 52                                637 83 83 55<br><\/p>\n","protected":false},"excerpt":{"rendered":"<div class=\"mh-excerpt\">Els diferents departaments del consistori utielano obrin al p\u00fablic per a consultes i tramitaci\u00f3 per mitj\u00e0 de reserva de cita pr\u00e8via Hui l&#8217;Ajuntament d&#8217;Utiel obri novament les seues portes a la ciutadania amb atenci\u00f3 presencial <a class=\"mh-excerpt-more\" href=\"https:\/\/www.tucomarca.com\/wordpress\/segunda\/ca\/lajuntament-dutiel-repren-latencio-presencial-amb-cita-previa\/\" title=\"L&#8217;Ajuntament d&#8217;Utiel repr\u00e9n l&#8217;atenci\u00f3 presencial amb cita pr\u00e8via\">[+] <\/a><\/div>\n","protected":false},"author":12,"featured_media":107231,"comment_status":"open","ping_status":"open","sticky":false,"template":"","format":"standard","meta":{"footnotes":""},"categories":[11010,12202,10948,10894,10947,10909,10896,10897,11059],"tags":[11456,11939,11940,10910],"class_list":{"0":"post-108179","1":"post","2":"type-post","3":"status-publish","4":"format-standard","5":"has-post-thumbnail","7":"category-canal-salud","8":"category-covid-19-ca","9":"category-infraestructuras-ca","10":"category-la-comarca-ca","11":"category-politica","12":"category-requena-utiel-ca","13":"category-seccion-ca","14":"category-sucesos-la-comarca-ca","15":"category-utiel-ca","16":"tag-ayuntamiento-de-utiel-ca","17":"tag-coronavirus-ca","18":"tag-covid-19-ca","19":"tag-requena-utiel-ca"},"_links":{"self":[{"href":"https:\/\/www.tucomarca.com\/wordpress\/segunda\/ca\/wp-json\/wp\/v2\/posts\/108179","targetHints":{"allow":["GET"]}}],"collection":[{"href":"https:\/\/www.tucomarca.com\/wordpress\/segunda\/ca\/wp-json\/wp\/v2\/posts"}],"about":[{"href":"https:\/\/www.tucomarca.com\/wordpress\/segunda\/ca\/wp-json\/wp\/v2\/types\/post"}],"author":[{"embeddable":true,"href":"https:\/\/www.tucomarca.com\/wordpress\/segunda\/ca\/wp-json\/wp\/v2\/users\/12"}],"replies":[{"embeddable":true,"href":"https:\/\/www.tucomarca.com\/wordpress\/segunda\/ca\/wp-json\/wp\/v2\/comments?post=108179"}],"version-history":[{"count":0,"href":"https:\/\/www.tucomarca.com\/wordpress\/segunda\/ca\/wp-json\/wp\/v2\/posts\/108179\/revisions"}],"wp:featuredmedia":[{"embeddable":true,"href":"https:\/\/www.tucomarca.com\/wordpress\/segunda\/ca\/wp-json\/wp\/v2\/media\/107231"}],"wp:attachment":[{"href":"https:\/\/www.tucomarca.com\/wordpress\/segunda\/ca\/wp-json\/wp\/v2\/media?parent=108179"}],"wp:term":[{"taxonomy":"category","embeddable":true,"href":"https:\/\/www.tucomarca.com\/wordpress\/segunda\/ca\/wp-json\/wp\/v2\/categories?post=108179"},{"taxonomy":"post_tag","embeddable":true,"href":"https:\/\/www.tucomarca.com\/wordpress\/segunda\/ca\/wp-json\/wp\/v2\/tags?post=108179"}],"curies":[{"name":"wp","href":"https:\/\/api.w.org\/{rel}","templated":true}]}}