{"id":108214,"date":"2020-06-09T10:38:53","date_gmt":"2020-06-09T08:38:53","guid":{"rendered":"http:\/\/www.tucomarca.com\/wordpress\/segunda\/?p=108214"},"modified":"2020-06-09T10:59:11","modified_gmt":"2020-06-09T08:59:11","slug":"ajuntament-de-iatova-i-lhospital-de-manises-es-reunixen-per-a-contrastar-levolucio-del-covid-19","status":"publish","type":"post","link":"https:\/\/www.tucomarca.com\/wordpress\/segunda\/ca\/ajuntament-de-iatova-i-lhospital-de-manises-es-reunixen-per-a-contrastar-levolucio-del-covid-19\/","title":{"rendered":"Ajuntament de I\u00e0tova i l&#8217;Hospital de Manises es reunixen per a contrastar l&#8217;evoluci\u00f3 del Covid-19"},"content":{"rendered":"\n<p>Va tindre lloc una nova reuni\u00f3 telem\u00e0tica de seguiment de l&#8217;evoluci\u00f3 del coronavirus entre representants de l&#8217;Hospital de Manises i autoritats locals del municipi de I\u00e0tova el passat 4 de juny. A trav\u00e9s d&#8217;esta conversaci\u00f3 virtual, es van contrastar les \u00faltimes dades sobre com s&#8217;est\u00e0 comportant la pand\u00e8mia i, en certa manera, com pot fer-ho en els pr\u00f2xims mesos i durant la tardor.<\/p>\n\n\n\n<p>Entre els aspectes m\u00e9s rellevants, destaca la petici\u00f3 de l&#8217;hospital perqu\u00e8 es trasllade al ve\u00efnat el seg\u00fcent: El virus cont\u00ednua circulant, encara que en estos moments siga amb menor intensitat. \u00c9s necessari seguir les tres pautes de prevenci\u00f3 b\u00e0siques que coneixem: mantindre la dist\u00e0ncia de seguretat, portar m\u00e0scara i llavar-se sovint les mans.<\/p>\n\n\n\n<p>Per precauci\u00f3, acudix al centre m\u00e8dic \u00fanicament si \u00e9s una urg\u00e8ncia o si es considera necessari. Per a la resta de casos, atendran telef\u00f2nicament amb tot el detall.<\/p>\n\n\n\n<p>Recorden que si necessiten una m\u00e0scara, poden cridar a l&#8217;ajuntament de la localitat i se li facilitar\u00e0 en el domicili que indique.<\/p>\n","protected":false},"excerpt":{"rendered":"<div class=\"mh-excerpt\">Va tindre lloc una nova reuni\u00f3 telem\u00e0tica de seguiment de l&#8217;evoluci\u00f3 del coronavirus entre representants de l&#8217;Hospital de Manises i autoritats locals del municipi de I\u00e0tova el passat 4 de juny. A trav\u00e9s d&#8217;esta conversaci\u00f3 <a class=\"mh-excerpt-more\" href=\"https:\/\/www.tucomarca.com\/wordpress\/segunda\/ca\/ajuntament-de-iatova-i-lhospital-de-manises-es-reunixen-per-a-contrastar-levolucio-del-covid-19\/\" title=\"Ajuntament de I\u00e0tova i l&#8217;Hospital de Manises es reunixen per a contrastar l&#8217;evoluci\u00f3 del Covid-19\">[+] <\/a><\/div>\n","protected":false},"author":12,"featured_media":108213,"comment_status":"open","ping_status":"open","sticky":false,"template":"","format":"standard","meta":{"footnotes":""},"categories":[11010,12202,10980,10948,10894,10912,10896,10897],"tags":[11939,11940,11952],"class_list":{"0":"post-108214","1":"post","2":"type-post","3":"status-publish","4":"format-standard","5":"has-post-thumbnail","7":"category-canal-salud","8":"category-covid-19-ca","9":"category-yatova-ca","10":"category-infraestructuras-ca","11":"category-la-comarca-ca","12":"category-la-hoya-ca","13":"category-seccion-ca","14":"category-sucesos-la-comarca-ca","15":"tag-coronavirus-ca","16":"tag-covid-19-ca","17":"tag-covid2019-ca"},"_links":{"self":[{"href":"https:\/\/www.tucomarca.com\/wordpress\/segunda\/ca\/wp-json\/wp\/v2\/posts\/108214","targetHints":{"allow":["GET"]}}],"collection":[{"href":"https:\/\/www.tucomarca.com\/wordpress\/segunda\/ca\/wp-json\/wp\/v2\/posts"}],"about":[{"href":"https:\/\/www.tucomarca.com\/wordpress\/segunda\/ca\/wp-json\/wp\/v2\/types\/post"}],"author":[{"embeddable":true,"href":"https:\/\/www.tucomarca.com\/wordpress\/segunda\/ca\/wp-json\/wp\/v2\/users\/12"}],"replies":[{"embeddable":true,"href":"https:\/\/www.tucomarca.com\/wordpress\/segunda\/ca\/wp-json\/wp\/v2\/comments?post=108214"}],"version-history":[{"count":0,"href":"https:\/\/www.tucomarca.com\/wordpress\/segunda\/ca\/wp-json\/wp\/v2\/posts\/108214\/revisions"}],"wp:featuredmedia":[{"embeddable":true,"href":"https:\/\/www.tucomarca.com\/wordpress\/segunda\/ca\/wp-json\/wp\/v2\/media\/108213"}],"wp:attachment":[{"href":"https:\/\/www.tucomarca.com\/wordpress\/segunda\/ca\/wp-json\/wp\/v2\/media?parent=108214"}],"wp:term":[{"taxonomy":"category","embeddable":true,"href":"https:\/\/www.tucomarca.com\/wordpress\/segunda\/ca\/wp-json\/wp\/v2\/categories?post=108214"},{"taxonomy":"post_tag","embeddable":true,"href":"https:\/\/www.tucomarca.com\/wordpress\/segunda\/ca\/wp-json\/wp\/v2\/tags?post=108214"}],"curies":[{"name":"wp","href":"https:\/\/api.w.org\/{rel}","templated":true}]}}