{"id":108270,"date":"2020-06-09T12:15:19","date_gmt":"2020-06-09T10:15:19","guid":{"rendered":"http:\/\/www.tucomarca.com\/wordpress\/segunda\/?p=108270"},"modified":"2020-06-09T12:16:13","modified_gmt":"2020-06-09T10:16:13","slug":"manises-obri-les-seues-portes-digitalment-als-futurs-metges-i-infermers-interns-residents","status":"publish","type":"post","link":"https:\/\/www.tucomarca.com\/wordpress\/segunda\/ca\/manises-obri-les-seues-portes-digitalment-als-futurs-metges-i-infermers-interns-residents\/","title":{"rendered":"Manises obri les seues portes digitalment als futurs Metges i Infermers Interns Residents"},"content":{"rendered":"\n<p><strong>Els alumnes que busquen pla\u00e7a com MIR i EIR podran interactuar el pr\u00f2xim 10 de juny amb els professionals docents en una Jornada Virtual de Portes Obertes<\/strong><\/p>\n\n\n\n<p><strong>Les places que oferix l&#8217;Hospital de Manises per a realitzar la resid\u00e8ncia s\u00f3n en les \u00e0rees de Pediatria, Medicina Familiar i Comunit\u00e0ria, Medicina Interna i Radiologia<\/strong><\/p>\n\n\n\n<p><strong>Durant esta Jornada Virtual intervindr\u00e0 Mercedes Hurtado, presidenta de l&#8217;Il\u00b7lustre Col\u00b7legi Oficial de Metges de Val\u00e8ncia<\/strong><\/p>\n\n\n\n<p>Per als futurs professionals sanitaris que vullguen exercir en l&#8217;\u00e0mbit hospitalari \u00e9s el moment de triar la seua pla\u00e7a en l&#8217;especialitat i l&#8217;hospital que m\u00e9s s&#8217;adapte a les seues prefer\u00e8ncies. Per a aix\u00f2, con\u00e9ixer b\u00e9 les instal\u00b7lacions i peculiaritats de cada hospital \u00e9s vital per a triar correctament on formar-se professionalment. A causa de la crisi sanit\u00e0ria, visitar els hospitals i posar-se en contacte amb els professionals est\u00e0 sent impossible, per aix\u00f2, l&#8217;Hospital de Manises celebra una Jornada de Portes Obertes digital perqu\u00e8 estos alumnes puguen con\u00e9ixer les seues instal\u00b7lacions, les especialitats que s&#8217;oferixen i interactuar amb els professionals del Departament de Doc\u00e8ncia.<\/p>\n\n\n\n<p>Les places que oferix el centre hospitalari perqu\u00e8 es puga realitzar la resid\u00e8ncia en medicina s\u00f3n en les \u00e0rees de Pediatria, Medicina de Fam\u00edlia i Comunit\u00e0ria, Medicina Interna i Radiologia. Per la seua banda, els futurs professionals en Infermeria podran fer la resid\u00e8ncia en l&#8217;\u00e0rea de Medicina de Fam\u00edlia i Comunit\u00e0ria i Pediatria, en esta \u00faltima l&#8217;Hospital de Manises \u00e9s el primer centre hospitalari de la Comunitat Valenciana amb acreditaci\u00f3 per a oferir-la. &#8220;Para con\u00e9ixer millor estes especialitats \u00e9s important que els alumnes puguen parlar amb els tutors del Departament de Doc\u00e8ncia d&#8217;estes \u00e0rees. Ells podran resoldre els seus dubtes, oferir-los una visi\u00f3 completa de l&#8217;especialitat i donar-los les ferramentes necess\u00e0ries per a prendre una bona decisi\u00f3n&#8221;, explica el Dr. Manuel Tejeda. Responsable del Departament de Doc\u00e8ncia de l&#8217;Hospital de Manises.<\/p>\n\n\n\n<p><strong>La doc\u00e8ncia, una prioritat<\/strong><\/p>\n\n\n\n<p>&#8220;En el centre hospitalari portem anys desenrotllant una organitzaci\u00f3 enfocada a oferir formaci\u00f3 a futurs professionals sanitaris. Les infraestructures i els resultats assistencials del centre ens situen com un espai idoni perqu\u00e8 els professionals del dem\u00e0 puguen desenrotllar ac\u00ed la seua etapa d&#8217;especializaci\u00f3n&#8221;, indica el Dr. Tejeda<\/p>\n\n\n\n<p>Des del seu comen\u00e7ament, el Departament de Salut de Manises ha format a m\u00e9s 1.300 estudiants de Medicina, Infermeria, Odontologia, Formaci\u00f3 professional sanit\u00e0ria, Fisioterapeutes o alumnes procedents d&#8217;altres disciplines de diferents universitats de la Comunitat Valenciana han realitzat pr\u00e0ctiques formatives en el Departament.<\/p>\n","protected":false},"excerpt":{"rendered":"<div class=\"mh-excerpt\">Els alumnes que busquen pla\u00e7a com MIR i EIR podran interactuar el pr\u00f2xim 10 de juny amb els professionals docents en una Jornada Virtual de Portes Obertes Les places que oferix l&#8217;Hospital de Manises per <a class=\"mh-excerpt-more\" href=\"https:\/\/www.tucomarca.com\/wordpress\/segunda\/ca\/manises-obri-les-seues-portes-digitalment-als-futurs-metges-i-infermers-interns-residents\/\" title=\"Manises obri les seues portes digitalment als futurs Metges i Infermers Interns Residents\">[+] <\/a><\/div>\n","protected":false},"author":12,"featured_media":108269,"comment_status":"open","ping_status":"open","sticky":false,"template":"","format":"standard","meta":{"footnotes":""},"categories":[10973,10911,10892,11010,12202,10898,10977,10980,10948,10894,10904,10912,10902,10931,10978,10906,10896,10897,11047,10974,10975],"tags":[11939,11940,11952,11092,12226],"class_list":{"0":"post-108270","1":"post","2":"type-post","3":"status-publish","4":"format-standard","5":"has-post-thumbnail","7":"category-alborache-ca","8":"category-bunol-ca","9":"category-camp-de-turia-ca","10":"category-canal-salud","11":"category-covid-19-ca","12":"category-ventana-ca","13":"category-godelleta-ca","14":"category-yatova-ca","15":"category-infraestructuras-ca","16":"category-la-comarca-ca","17":"category-sin-categorizar-ca","18":"category-la-hoya-ca","19":"category-la-ribera-ca","20":"category-loriguilla-ca","21":"category-macastre-ca","22":"category-riba-roja-ca","23":"category-seccion-ca","24":"category-sucesos-la-comarca-ca","25":"category-turis-ca","26":"category-cheste-ca","27":"category-chiva-ca","28":"tag-coronavirus-ca","29":"tag-covid-19-ca","30":"tag-covid2019-ca","31":"tag-hospital-de-manises-ca","32":"tag-mir-y-eir-ca"},"_links":{"self":[{"href":"https:\/\/www.tucomarca.com\/wordpress\/segunda\/ca\/wp-json\/wp\/v2\/posts\/108270","targetHints":{"allow":["GET"]}}],"collection":[{"href":"https:\/\/www.tucomarca.com\/wordpress\/segunda\/ca\/wp-json\/wp\/v2\/posts"}],"about":[{"href":"https:\/\/www.tucomarca.com\/wordpress\/segunda\/ca\/wp-json\/wp\/v2\/types\/post"}],"author":[{"embeddable":true,"href":"https:\/\/www.tucomarca.com\/wordpress\/segunda\/ca\/wp-json\/wp\/v2\/users\/12"}],"replies":[{"embeddable":true,"href":"https:\/\/www.tucomarca.com\/wordpress\/segunda\/ca\/wp-json\/wp\/v2\/comments?post=108270"}],"version-history":[{"count":0,"href":"https:\/\/www.tucomarca.com\/wordpress\/segunda\/ca\/wp-json\/wp\/v2\/posts\/108270\/revisions"}],"wp:featuredmedia":[{"embeddable":true,"href":"https:\/\/www.tucomarca.com\/wordpress\/segunda\/ca\/wp-json\/wp\/v2\/media\/108269"}],"wp:attachment":[{"href":"https:\/\/www.tucomarca.com\/wordpress\/segunda\/ca\/wp-json\/wp\/v2\/media?parent=108270"}],"wp:term":[{"taxonomy":"category","embeddable":true,"href":"https:\/\/www.tucomarca.com\/wordpress\/segunda\/ca\/wp-json\/wp\/v2\/categories?post=108270"},{"taxonomy":"post_tag","embeddable":true,"href":"https:\/\/www.tucomarca.com\/wordpress\/segunda\/ca\/wp-json\/wp\/v2\/tags?post=108270"}],"curies":[{"name":"wp","href":"https:\/\/api.w.org\/{rel}","templated":true}]}}