{"id":108314,"date":"2020-06-09T22:11:26","date_gmt":"2020-06-09T20:11:26","guid":{"rendered":"http:\/\/www.tucomarca.com\/wordpress\/segunda\/?p=108314"},"modified":"2020-06-09T22:11:28","modified_gmt":"2020-06-09T20:11:28","slug":"la-pobla-de-vallbona-finalitza-les-obres-de-les-installacions-de-la-policia-local","status":"publish","type":"post","link":"https:\/\/www.tucomarca.com\/wordpress\/segunda\/ca\/la-pobla-de-vallbona-finalitza-les-obres-de-les-installacions-de-la-policia-local\/","title":{"rendered":"La Pobla de Vallbona finalitza les obres de les instal\u00b7lacions de la Policia Local"},"content":{"rendered":"\n<p><strong>El consistori inverteix 320.000 euros en la nova ubicaci\u00f3 de les depend\u00e8ncies de la Policia Local i Protecci\u00f3 Civil<\/strong><\/p>\n\n\n\n<p><strong>La nova prefectura permetr\u00e0 una connexi\u00f3 m\u00e9s r\u00e0pida amb les urbanitzacions a trav\u00e9s de les rondes<\/strong><\/p>\n\n\n\n<p>L\u2019Ajuntament de la Pobla de Vallbona ha recepcionat les obres de la nova prefectura de la Policia Local. Les noves instal\u00b7lacions ubicades a l\u2019encreuament del Barri Sant Josep i el carrer Ronda permeten&nbsp; traure del centre del municipi les depend\u00e8ncies i millorar la connexi\u00f3 amb els nuclis residencials del municipi.<\/p>\n\n\n\n<p>La nova instal\u00b7laci\u00f3 s\u2019ha constru\u00eft aprofitant part del magatzem de la brigada d\u2019obres el que ha perm\u00e8s reduir de manera important el cost de la inversi\u00f3.&nbsp; Disposa de dos blocs connectats a la planta baixa a trav\u00e9s de l\u2019aparcament de motos i vehicles el\u00e8ctrics i en la primera planta a trav\u00e9s d\u2019una passarel\u00b7la.<\/p>\n\n\n\n<p>La prefectura disposa de sala d\u2019espera i recepci\u00f3, dos sales de declaracions amb entrades separades per evitar la coincid\u00e8ncia en casos de v\u00edctima i agressor, sala de reunions i formaci\u00f3, sala segura de manipulaci\u00f3 d\u2019armes i vest\u00edbul per als agents a m\u00e9s de diferents despatxos per poder prestar el servei en les millors condicions.<\/p>\n\n\n\n<p>Amb este nou edifici se soluciona el problema de la falta d\u2019espai i les car\u00e8ncies amb que es trobava la Policia Local. L\u2019anterior instal\u00b7laci\u00f3 disposava de 240 metres quadrats front als 745 de les actuals depend\u00e8ncies. La nova ubicaci\u00f3 de les depend\u00e8ncies policials permet un f\u00e0cil acc\u00e9s a les rondes del municipi i una millor connexi\u00f3 amb tots els nuclis residencials de la Pobla.<\/p>\n\n\n\n<p>L\u2019Ajuntament ha invertit 320.000 euros en les instal\u00b7lacions que donen resposta a una reivindicaci\u00f3 hist\u00f2rica del personal de la Policia Local i de la necessitat d\u2019un municipi amb un terme amb tanta dispersi\u00f3 com la Pobla. L\u2019alcalde, Josep Vicent Garcia, ha destacat l\u2019important creixement que ha experimentat de la plantilla de la policia i la necessitat d\u2019un edifici que donara resposta a este increment de seguretat\u201d.<\/p>\n\n\n\n<p>A esta inversi\u00f3 se suma la millora tamb\u00e9 les inversions en el sistema de comunicaci\u00f3 de la policia local que han passat&nbsp; d\u2019anal\u00f2giques a digitals, amb m\u00e9s qualitat i amb GPS que permeten saber en cada moment on es troba cada agent.<\/p>\n","protected":false},"excerpt":{"rendered":"<div class=\"mh-excerpt\">El consistori inverteix 320.000 euros en la nova ubicaci\u00f3 de les depend\u00e8ncies de la Policia Local i Protecci\u00f3 Civil La nova prefectura permetr\u00e0 una connexi\u00f3 m\u00e9s r\u00e0pida amb les urbanitzacions a trav\u00e9s de les rondes <a class=\"mh-excerpt-more\" href=\"https:\/\/www.tucomarca.com\/wordpress\/segunda\/ca\/la-pobla-de-vallbona-finalitza-les-obres-de-les-installacions-de-la-policia-local\/\" title=\"La Pobla de Vallbona finalitza les obres de les instal\u00b7lacions de la Policia Local\">[+] <\/a><\/div>\n","protected":false},"author":12,"featured_media":108313,"comment_status":"open","ping_status":"open","sticky":false,"template":"","format":"standard","meta":{"footnotes":""},"categories":[10892,10948,10894,10915,10947,10896,10897],"tags":[10633,10395],"class_list":{"0":"post-108314","1":"post","2":"type-post","3":"status-publish","4":"format-standard","5":"has-post-thumbnail","7":"category-camp-de-turia-ca","8":"category-infraestructuras-ca","9":"category-la-comarca-ca","10":"category-la-pobla-ca","11":"category-politica","12":"category-seccion-ca","13":"category-sucesos-la-comarca-ca","14":"tag-ajuntament-de-la-pobla-de-vallbona","15":"tag-camp-de-turia"},"_links":{"self":[{"href":"https:\/\/www.tucomarca.com\/wordpress\/segunda\/ca\/wp-json\/wp\/v2\/posts\/108314","targetHints":{"allow":["GET"]}}],"collection":[{"href":"https:\/\/www.tucomarca.com\/wordpress\/segunda\/ca\/wp-json\/wp\/v2\/posts"}],"about":[{"href":"https:\/\/www.tucomarca.com\/wordpress\/segunda\/ca\/wp-json\/wp\/v2\/types\/post"}],"author":[{"embeddable":true,"href":"https:\/\/www.tucomarca.com\/wordpress\/segunda\/ca\/wp-json\/wp\/v2\/users\/12"}],"replies":[{"embeddable":true,"href":"https:\/\/www.tucomarca.com\/wordpress\/segunda\/ca\/wp-json\/wp\/v2\/comments?post=108314"}],"version-history":[{"count":0,"href":"https:\/\/www.tucomarca.com\/wordpress\/segunda\/ca\/wp-json\/wp\/v2\/posts\/108314\/revisions"}],"wp:featuredmedia":[{"embeddable":true,"href":"https:\/\/www.tucomarca.com\/wordpress\/segunda\/ca\/wp-json\/wp\/v2\/media\/108313"}],"wp:attachment":[{"href":"https:\/\/www.tucomarca.com\/wordpress\/segunda\/ca\/wp-json\/wp\/v2\/media?parent=108314"}],"wp:term":[{"taxonomy":"category","embeddable":true,"href":"https:\/\/www.tucomarca.com\/wordpress\/segunda\/ca\/wp-json\/wp\/v2\/categories?post=108314"},{"taxonomy":"post_tag","embeddable":true,"href":"https:\/\/www.tucomarca.com\/wordpress\/segunda\/ca\/wp-json\/wp\/v2\/tags?post=108314"}],"curies":[{"name":"wp","href":"https:\/\/api.w.org\/{rel}","templated":true}]}}