{"id":108346,"date":"2020-06-10T14:09:21","date_gmt":"2020-06-10T12:09:21","guid":{"rendered":"http:\/\/www.tucomarca.com\/wordpress\/segunda\/?p=108346"},"modified":"2020-06-10T14:11:25","modified_gmt":"2020-06-10T12:11:25","slug":"el-bop-publica-la-convocatoria-de-subvencions-de-lajuntament-de-requena-per-a-autonoms-microempreses-i-xicotetes-empreses","status":"publish","type":"post","link":"https:\/\/www.tucomarca.com\/wordpress\/segunda\/ca\/el-bop-publica-la-convocatoria-de-subvencions-de-lajuntament-de-requena-per-a-autonoms-microempreses-i-xicotetes-empreses\/","title":{"rendered":"El BOP publica la convocat\u00f2ria de subvencions de l&#8217;Ajuntament de Requena per a aut\u00f2noms, microempreses i xicotetes empreses"},"content":{"rendered":"\n<p><strong>L&#8217;objectiu de les mateixes \u00e9s recolzar el desenrotllament d&#8217;activitat comercial y\/o tur\u00edstica en el municipi enfront dels efectes originats pel COVID-19, i estan dotades amb un import inicial de 200.000EUR ampliables<\/strong><\/p>\n\n\n\n<p>Aquest dimecres 10 de juny de 2020 s&#8217;ha publicat en el BOP la convocat\u00f2ria de subvencions de l&#8217;Ajuntament de Requena per donar suport a les persones aut\u00f2nomes, microempreses i petites empreses que desenvolupin la seva activitat comercial i \/ o tur\u00edstica al municipi, per fer front als efectes originats pel COVID-19.<br>\nDotades amb un import inicial de 200.000 \u20ac ampliables, inclouen difer\u00e8ncies respecte a altres ajudes per tal de ser m\u00e9s efectives:<\/p>\n\n\n\n<p>Totes les peticions que compleixen els requisits rebran l&#8217;ajuda independentment de quan la presenten, sempre que ho facen dins del termini.<br>No la rebran nom\u00e9s els que la presenten abans fins que s&#8217;esgote la partida.<br>L&#8217;import de les subvencions es repartir\u00e0 entre tots els peticionaris segons la baremaci\u00f3 que figura en les bases.<\/p>\n\n\n\n<p>Es tindran en compte els costos fixos que assumeix cada negoci per assegurar un major import a qui m\u00e9s ho necessita.<\/p>\n\n\n\n<p>No inclouen cap incompatibilitat amb altres ajudes que es puguen rebre, encara que aix\u00f2 no vol dir que ajudes d&#8217;altres administracions si que puguin incloure aquesta incompatibilitat.<br> En qualsevol cas, per part de l&#8217;consistori requenense la voluntat \u00e9s que els peticionaris no hagen de triar entre unes subvencions o altres sense tenir la seguretat que les vagen a rebre, assegurant sempre la recepci\u00f3 de les ajudes d&#8217;aquest Ajuntament sempre que sigue possible .<br> El termini per presentar les sol\u00b7licituds \u00e9s de 10 dies h\u00e0bils (14 dies naturals) a partir de l&#8217;endem\u00e0 de la publicaci\u00f3, que ser\u00e0 dem\u00e0 11 de juny. Per a m\u00e9s informaci\u00f3 es pot consultar el seg\u00fcent enlla\u00e7 de la seu electr\u00f2nica de l&#8217;consistori requenense:<\/p>\n\n\n\n<p><a href=\"https:\/\/requena.sedipualba.es\/portafirmas\/firmadocumento.aspx?clave=PEC7JH-XEHRCUVW&amp;modo=abrir\">https:\/\/requena.sedipualba.es\/portafirmas\/firmadocumento.aspx?clave=PEC7JH-XEHRCUVW&amp;modo=abrir<\/a><\/p>\n\n\n\n<p>Finalment, cal esmentar que aquesta iniciativa se suma a altres mesures preses per l&#8217;Ajuntament de Requena com la suspensi\u00f3 durant un any de la taxa d&#8217;ocupaci\u00f3 de la via p\u00fablica per taules i cadires, el repartiment de mascaretes en comer\u00e7os (a m\u00e9s de les que s&#8217;han repartit b\u00fastia a b\u00fastia), la suspensi\u00f3 dels lloguers per a negocis en b\u00e9ns de propietat municipal, la posada en marxa d&#8217;un tel\u00e8fon d&#8217;informaci\u00f3 a empreses i aut\u00f2noms dins de la Mancomunitat de El Tejo (96.230.354 86) o l&#8217;ajornament en el pagament d&#8217;impostos i taxes municipals.<\/p>\n","protected":false},"excerpt":{"rendered":"<div class=\"mh-excerpt\">L&#8217;objectiu de les mateixes \u00e9s recolzar el desenrotllament d&#8217;activitat comercial y\/o tur\u00edstica en el municipi enfront dels efectes originats pel COVID-19, i estan dotades amb un import inicial de 200.000EUR ampliables Aquest dimecres 10 de <a class=\"mh-excerpt-more\" href=\"https:\/\/www.tucomarca.com\/wordpress\/segunda\/ca\/el-bop-publica-la-convocatoria-de-subvencions-de-lajuntament-de-requena-per-a-autonoms-microempreses-i-xicotetes-empreses\/\" title=\"El BOP publica la convocat\u00f2ria de subvencions de l&#8217;Ajuntament de Requena per a aut\u00f2noms, microempreses i xicotetes empreses\">[+] <\/a><\/div>\n","protected":false},"author":12,"featured_media":104873,"comment_status":"open","ping_status":"open","sticky":false,"template":"","format":"standard","meta":{"footnotes":""},"categories":[11010,12202,10948,10894,10903,10947,10908,10909,10896,10897],"tags":[11254,12232,11939,11940,11952,10910],"class_list":{"0":"post-108346","1":"post","2":"type-post","3":"status-publish","4":"format-standard","5":"has-post-thumbnail","7":"category-canal-salud","8":"category-covid-19-ca","9":"category-infraestructuras-ca","10":"category-la-comarca-ca","11":"category-medio-ambiente-la-comarca-ca","12":"category-politica","13":"category-requena-ca","14":"category-requena-utiel-ca","15":"category-seccion-ca","16":"category-sucesos-la-comarca-ca","17":"tag-ayuntamiento-de-requena-ca","18":"tag-bop-ca","19":"tag-coronavirus-ca","20":"tag-covid-19-ca","21":"tag-covid2019-ca","22":"tag-requena-utiel-ca"},"_links":{"self":[{"href":"https:\/\/www.tucomarca.com\/wordpress\/segunda\/ca\/wp-json\/wp\/v2\/posts\/108346","targetHints":{"allow":["GET"]}}],"collection":[{"href":"https:\/\/www.tucomarca.com\/wordpress\/segunda\/ca\/wp-json\/wp\/v2\/posts"}],"about":[{"href":"https:\/\/www.tucomarca.com\/wordpress\/segunda\/ca\/wp-json\/wp\/v2\/types\/post"}],"author":[{"embeddable":true,"href":"https:\/\/www.tucomarca.com\/wordpress\/segunda\/ca\/wp-json\/wp\/v2\/users\/12"}],"replies":[{"embeddable":true,"href":"https:\/\/www.tucomarca.com\/wordpress\/segunda\/ca\/wp-json\/wp\/v2\/comments?post=108346"}],"version-history":[{"count":0,"href":"https:\/\/www.tucomarca.com\/wordpress\/segunda\/ca\/wp-json\/wp\/v2\/posts\/108346\/revisions"}],"wp:featuredmedia":[{"embeddable":true,"href":"https:\/\/www.tucomarca.com\/wordpress\/segunda\/ca\/wp-json\/wp\/v2\/media\/104873"}],"wp:attachment":[{"href":"https:\/\/www.tucomarca.com\/wordpress\/segunda\/ca\/wp-json\/wp\/v2\/media?parent=108346"}],"wp:term":[{"taxonomy":"category","embeddable":true,"href":"https:\/\/www.tucomarca.com\/wordpress\/segunda\/ca\/wp-json\/wp\/v2\/categories?post=108346"},{"taxonomy":"post_tag","embeddable":true,"href":"https:\/\/www.tucomarca.com\/wordpress\/segunda\/ca\/wp-json\/wp\/v2\/tags?post=108346"}],"curies":[{"name":"wp","href":"https:\/\/api.w.org\/{rel}","templated":true}]}}