{"id":108364,"date":"2020-06-10T20:20:14","date_gmt":"2020-06-10T18:20:14","guid":{"rendered":"http:\/\/www.tucomarca.com\/wordpress\/segunda\/?p=108364"},"modified":"2020-06-10T20:20:15","modified_gmt":"2020-06-10T18:20:15","slug":"la-conselleria-de-vivenda-licita-les-obres-de-rehabilitacio-dels-elements-comuns-del-grup-de-vivenda-publica-de-riba-roja-de-turia","status":"publish","type":"post","link":"https:\/\/www.tucomarca.com\/wordpress\/segunda\/ca\/la-conselleria-de-vivenda-licita-les-obres-de-rehabilitacio-dels-elements-comuns-del-grup-de-vivenda-publica-de-riba-roja-de-turia\/","title":{"rendered":"La Conselleria de Vivenda licita les obres de rehabilitaci\u00f3 dels elements comuns del grup de vivenda p\u00fablica de Riba-Roja de T\u00faria"},"content":{"rendered":"\n<p><strong>L&#8217;actuaci\u00f3 suposar\u00e0 una inversi\u00f3 aproximada de 556.600 euros<\/strong><\/p>\n\n\n\n<p><strong>La licitaci\u00f3 s&#8217;ha retardat uns mesos degut a la paralitzaci\u00f3 de l&#8217;obra p\u00fablica per la COVID-19<\/strong><\/p>\n\n\n\n<p>La Vicepresidencia Segona i Conselleria d&#8217;Habitatge i Arquitectura Bioclim\u00e0tica, a trav\u00e9s de l&#8217;Entitat Valenciana d&#8217;Habitatge i S\u00f2l (EVha), ha licitat les obres de rehabilitaci\u00f3 d&#8217;elements comuns del grup de 104 habitatges p\u00fablics a Riba-Roja de T\u00faria per un import de 556.00 euros.<\/p>\n\n\n\n<p>Aquesta \u00e9s una de les actuacions que la Conselleria tenia previst licitar al mar\u00e7, per\u00f2 la paralitzaci\u00f3 de l&#8217;obra p\u00fablica obligada per la crisi de la COVID-19 ha motivat el retard de la publicaci\u00f3.<\/p>\n\n\n\n<p>Aquestes obres s&#8217;emmarquen en els Plans d&#8217;Intervenci\u00f3 Integral Sostenible (PIINS) que la Generalitat est\u00e0 desenvolupant per dignificar i millorar les condicions de determinats grups d&#8217;habitatge p\u00fablic, com el Riba-roja de T\u00faria. Unes actuacions que tamb\u00e9 es complementen amb mesures d&#8217;atenci\u00f3 social i normalitzaci\u00f3 d&#8217;ocupaci\u00f3 dels habitatges.<\/p>\n\n\n\n<p>Concretament, aquest grup en el qual est\u00e0 prevista la intervenci\u00f3 est\u00e0 format per tres blocs lineals de quatre altures, que alberguen un total de 104 habitatges.<\/p>\n\n\n\n<p>L&#8217;actuaci\u00f3 prevista inclou la reparaci\u00f3 de les fa\u00e7anes, esquerdes i fissures, pintat de reixes, substituci\u00f3 de lames de galeria, de maons i arrencades. Es dur\u00e0 a terme una neteja de la coberta, instal\u00b7laci\u00f3 de reixeta de protecci\u00f3 en els embornals i es reparar\u00e0 la cornisa de formig\u00f3.<\/p>\n\n\n\n<p>En els vest\u00edbuls i escales, es demolir\u00e0 i col\u00b7locar\u00e0 noves peces de llindar d&#8217;entrada dels accessos. Es netejaran i repararan el paviment i esglaonat d&#8217;terratzo, replans intermedis i escales, substituint les peces danyades. Tamb\u00e9 es renovaran els elements met\u00e0l\u00b7lics de baranes i escales, la instal\u00b7laci\u00f3 el\u00e8ctrica i de protecci\u00f3 contra incendis, es reposaran els porters electr\u00f2nics i la xarxa de sanejament. De la mateixa manera es repararan o renovaran les portes d&#8217;acc\u00e9s als vest\u00edbuls, la finestres de les escales i es col\u00b7locaran noves b\u00fasties.<\/p>\n\n\n\n<p>El director general de EVha, Alberto Aznar, ha assegurat que les pol\u00edtiques de rehabilitaci\u00f3 dels \u00faltims anys &#8220;han perm\u00e8s millorar en certa mesura el parc d&#8217;habitatges existent, per\u00f2 segueix sent prioritari abordar les \u00e0rees m\u00e9s sensibles i degradades i donar suport als sectors de la poblaci\u00f3 m\u00e9s vulnerables que tenen grans dificultats per accedir a aquesta rehabilitaci\u00f3&#8221;.<\/p>\n\n\n\n<p>El termini de presentaci\u00f3 d&#8217;ofertes finalitzar\u00e0 el proper 1 de juliol, a les 14 hores. Poden obtenir informaci\u00f3 de la licitaci\u00f3 a la plataforma de contractaci\u00f3 de l&#8217;Estat.<\/p>\n","protected":false},"excerpt":{"rendered":"<div class=\"mh-excerpt\">L&#8217;actuaci\u00f3 suposar\u00e0 una inversi\u00f3 aproximada de 556.600 euros La licitaci\u00f3 s&#8217;ha retardat uns mesos degut a la paralitzaci\u00f3 de l&#8217;obra p\u00fablica per la COVID-19 La Vicepresidencia Segona i Conselleria d&#8217;Habitatge i Arquitectura Bioclim\u00e0tica, a trav\u00e9s <a class=\"mh-excerpt-more\" href=\"https:\/\/www.tucomarca.com\/wordpress\/segunda\/ca\/la-conselleria-de-vivenda-licita-les-obres-de-rehabilitacio-dels-elements-comuns-del-grup-de-vivenda-publica-de-riba-roja-de-turia\/\" title=\"La Conselleria de Vivenda licita les obres de rehabilitaci\u00f3 dels elements comuns del grup de vivenda p\u00fablica de Riba-Roja de T\u00faria\">[+] <\/a><\/div>\n","protected":false},"author":12,"featured_media":108362,"comment_status":"open","ping_status":"open","sticky":false,"template":"","format":"standard","meta":{"footnotes":""},"categories":[10892,11010,12202,10948,10894,10947,10906,10896,10897],"tags":[10631,4016,12233,11937,11938,11951],"class_list":{"0":"post-108364","1":"post","2":"type-post","3":"status-publish","4":"format-standard","5":"has-post-thumbnail","7":"category-camp-de-turia-ca","8":"category-canal-salud","9":"category-covid-19-ca","10":"category-infraestructuras-ca","11":"category-la-comarca-ca","12":"category-politica","13":"category-riba-roja-ca","14":"category-seccion-ca","15":"category-sucesos-la-comarca-ca","16":"tag-ajuntament-de-riba-roja","17":"tag-comarca-camp-de-turia","18":"tag-conselleria-de-vivienda","19":"tag-coronavirus","20":"tag-covid-19","21":"tag-covid2019"},"_links":{"self":[{"href":"https:\/\/www.tucomarca.com\/wordpress\/segunda\/ca\/wp-json\/wp\/v2\/posts\/108364","targetHints":{"allow":["GET"]}}],"collection":[{"href":"https:\/\/www.tucomarca.com\/wordpress\/segunda\/ca\/wp-json\/wp\/v2\/posts"}],"about":[{"href":"https:\/\/www.tucomarca.com\/wordpress\/segunda\/ca\/wp-json\/wp\/v2\/types\/post"}],"author":[{"embeddable":true,"href":"https:\/\/www.tucomarca.com\/wordpress\/segunda\/ca\/wp-json\/wp\/v2\/users\/12"}],"replies":[{"embeddable":true,"href":"https:\/\/www.tucomarca.com\/wordpress\/segunda\/ca\/wp-json\/wp\/v2\/comments?post=108364"}],"version-history":[{"count":0,"href":"https:\/\/www.tucomarca.com\/wordpress\/segunda\/ca\/wp-json\/wp\/v2\/posts\/108364\/revisions"}],"wp:featuredmedia":[{"embeddable":true,"href":"https:\/\/www.tucomarca.com\/wordpress\/segunda\/ca\/wp-json\/wp\/v2\/media\/108362"}],"wp:attachment":[{"href":"https:\/\/www.tucomarca.com\/wordpress\/segunda\/ca\/wp-json\/wp\/v2\/media?parent=108364"}],"wp:term":[{"taxonomy":"category","embeddable":true,"href":"https:\/\/www.tucomarca.com\/wordpress\/segunda\/ca\/wp-json\/wp\/v2\/categories?post=108364"},{"taxonomy":"post_tag","embeddable":true,"href":"https:\/\/www.tucomarca.com\/wordpress\/segunda\/ca\/wp-json\/wp\/v2\/tags?post=108364"}],"curies":[{"name":"wp","href":"https:\/\/api.w.org\/{rel}","templated":true}]}}