{"id":108524,"date":"2020-06-12T19:10:00","date_gmt":"2020-06-12T17:10:00","guid":{"rendered":"http:\/\/www.tucomarca.com\/wordpress\/segunda\/?p=108524"},"modified":"2020-06-15T15:14:39","modified_gmt":"2020-06-15T13:14:39","slug":"video-leliana-organitza-la-i-carrera-virtual-solidaria-per-equips","status":"publish","type":"post","link":"https:\/\/www.tucomarca.com\/wordpress\/segunda\/ca\/video-leliana-organitza-la-i-carrera-virtual-solidaria-per-equips\/","title":{"rendered":"V\u00eddeo: L&#8217;Eliana organitza la I Carrera Virtual Solid\u00e0ria per equips"},"content":{"rendered":"\n<figure class=\"wp-block-embed-youtube wp-block-embed is-type-video is-provider-youtube wp-embed-aspect-16-9 wp-has-aspect-ratio\"><div class=\"wp-block-embed__wrapper\">\n<iframe loading=\"lazy\" title=\"Presentaci\u00f3 Carrera Online Solid\u00e0ria\" width=\"500\" height=\"281\" src=\"https:\/\/www.youtube.com\/embed\/QtPZOGI4d_M?feature=oembed\" frameborder=\"0\" allow=\"accelerometer; autoplay; clipboard-write; encrypted-media; gyroscope; picture-in-picture; web-share\" referrerpolicy=\"strict-origin-when-cross-origin\" allowfullscreen><\/iframe>\n<\/div><\/figure>\n\n\n\n<p>La regidoria de Pol\u00edtiques Esportives ha presentat aquest divendres la I<br>Carrera Virtual Solid\u00e0ria per equips de l&#8217;Eliana, organitzada amb<br>l&#8217;objectiu d&#8217;oferir una alternativa atl\u00e8tica als centenars de corredors<br>que cada any participaven en la recentment suspesa Volta a Peu, deixant<br>patent la gran afici\u00f3 al running d\u2019elianers i elianeres.<\/p>\n\n\n\n<p>Els participants hauran de formar equips de 5 persones i acumular, entre<br>tots, el major nombre de quil\u00f2metres. Les inscripcions s\u00f3n gratu\u00eftes i<br>poden realitzar-se ja en la web&nbsp;<a href=\"https:\/\/leliana.kinendu.com\/\">https:\/\/leliana.kinendu.com\/<\/a>&nbsp;i fins<br>dimecres que ve 1 de juliol.<\/p>\n\n\n\n<p>Per a registrar-se amb un grup cal manar un correu a&nbsp;<a href=\"mailto:carreras@kinendu.com\">carreras@kinendu.com<\/a><br>amb el nom de l&#8217;equip i el logotip amb el qual vulga participar. Una<br>vegada creat es pot comen\u00e7ar a sumar quil\u00f2metres solidaris individualment,<br>caminat o corrent per qualsevol lloc del m\u00f3n.<\/p>\n\n\n\n<p>El car\u00e0cter solidari de la carrera, que es desenvolupar\u00e0 de l&#8217;1 al 25 de<br>juliol a trav\u00e9s de l&#8217;aplicaci\u00f3 Kinendu, permetr\u00e0 als guanyadors triar<br>l&#8217;ONG a la qual l&#8217;Ajuntament entregar\u00e0 el premi de 500 euros.<\/p>\n\n\n\n<p>La regidora de Pol\u00edtiques Esportives, Concha Montaner, ha destacat que es<br>tracta d&#8217;una alternativa que respon a aquest esport tan popular en la<br>localitat, en la qual el valor tamb\u00e9 resideix a compartir quil\u00f2metres i<br>fer equip.<\/p>\n\n\n\n<p>Per la seua part l&#8217;alcalde, Salva Torrent, ha convidat a elianers i<br>elianeres a participar en aquesta iniciativa solid\u00e0ria que transcendeix<br>les fronteres i que s&#8217;ha hagut d&#8217;adaptar, com moltes de les activitats<br>municipals, a les circumst\u00e0ncies del Covid-19.<\/p>\n\n\n\n<p>En l&#8217;acte de presentaci\u00f3, que ha tingut lloc aquest divendres a la Sala de<br>Plens de l&#8217;Ajuntament, el primer edil tamb\u00e9 ha anunciat que el mes de<br>juliol la Piscina Municipal reobrir\u00e0 les seues portes, prenent totes les<br>mesures necess\u00e0ries per a garantir la seguretat als usuaris.<\/p>\n","protected":false},"excerpt":{"rendered":"<div class=\"mh-excerpt\">La regidoria de Pol\u00edtiques Esportives ha presentat aquest divendres la ICarrera Virtual Solid\u00e0ria per equips de l&#8217;Eliana, organitzada ambl&#8217;objectiu d&#8217;oferir una alternativa atl\u00e8tica als centenars de corredorsque cada any participaven en la recentment suspesa Volta <a class=\"mh-excerpt-more\" href=\"https:\/\/www.tucomarca.com\/wordpress\/segunda\/ca\/video-leliana-organitza-la-i-carrera-virtual-solidaria-per-equips\/\" title=\"V\u00eddeo: L&#8217;Eliana organitza la I Carrera Virtual Solid\u00e0ria per equips\">[+] <\/a><\/div>\n","protected":false},"author":1,"featured_media":108522,"comment_status":"open","ping_status":"open","sticky":false,"template":"","format":"video","meta":{"footnotes":""},"categories":[11018,10892,11010,12202,11003,10894,10893,10947,10896,10897,11062],"tags":[10899,11939,11940,11952],"class_list":{"0":"post-108524","1":"post","2":"type-post","3":"status-publish","4":"format-video","5":"has-post-thumbnail","7":"category-atletisme","8":"category-camp-de-turia-ca","9":"category-canal-salud","10":"category-covid-19-ca","11":"category-sports","12":"category-la-comarca-ca","13":"category-leliana-ca","14":"category-politica","15":"category-seccion-ca","16":"category-sucesos-la-comarca-ca","17":"category-videos","18":"tag-camp-de-turia-ca","19":"tag-coronavirus-ca","20":"tag-covid-19-ca","21":"tag-covid2019-ca","22":"post_format-post-format-video"},"_links":{"self":[{"href":"https:\/\/www.tucomarca.com\/wordpress\/segunda\/ca\/wp-json\/wp\/v2\/posts\/108524","targetHints":{"allow":["GET"]}}],"collection":[{"href":"https:\/\/www.tucomarca.com\/wordpress\/segunda\/ca\/wp-json\/wp\/v2\/posts"}],"about":[{"href":"https:\/\/www.tucomarca.com\/wordpress\/segunda\/ca\/wp-json\/wp\/v2\/types\/post"}],"author":[{"embeddable":true,"href":"https:\/\/www.tucomarca.com\/wordpress\/segunda\/ca\/wp-json\/wp\/v2\/users\/1"}],"replies":[{"embeddable":true,"href":"https:\/\/www.tucomarca.com\/wordpress\/segunda\/ca\/wp-json\/wp\/v2\/comments?post=108524"}],"version-history":[{"count":0,"href":"https:\/\/www.tucomarca.com\/wordpress\/segunda\/ca\/wp-json\/wp\/v2\/posts\/108524\/revisions"}],"wp:featuredmedia":[{"embeddable":true,"href":"https:\/\/www.tucomarca.com\/wordpress\/segunda\/ca\/wp-json\/wp\/v2\/media\/108522"}],"wp:attachment":[{"href":"https:\/\/www.tucomarca.com\/wordpress\/segunda\/ca\/wp-json\/wp\/v2\/media?parent=108524"}],"wp:term":[{"taxonomy":"category","embeddable":true,"href":"https:\/\/www.tucomarca.com\/wordpress\/segunda\/ca\/wp-json\/wp\/v2\/categories?post=108524"},{"taxonomy":"post_tag","embeddable":true,"href":"https:\/\/www.tucomarca.com\/wordpress\/segunda\/ca\/wp-json\/wp\/v2\/tags?post=108524"}],"curies":[{"name":"wp","href":"https:\/\/api.w.org\/{rel}","templated":true}]}}