{"id":108600,"date":"2020-06-15T15:11:15","date_gmt":"2020-06-15T13:11:15","guid":{"rendered":"http:\/\/www.tucomarca.com\/wordpress\/segunda\/?p=108600"},"modified":"2020-06-15T15:11:48","modified_gmt":"2020-06-15T13:11:48","slug":"principals-canvis-davant-de-la-fase-3-i-la-seua-aplicacio-a-requena","status":"publish","type":"post","link":"https:\/\/www.tucomarca.com\/wordpress\/segunda\/ca\/principals-canvis-davant-de-la-fase-3-i-la-seua-aplicacio-a-requena\/","title":{"rendered":"Principals canvis davant de la fase 3 i la seua aplicaci\u00f3 a Requena"},"content":{"rendered":"\n<p><strong>No poden fer \u00fas d&#8217;estes habilitacions persones amb s\u00edmptomes o en a\u00efllament, i han de respectar-se en tot moment les mesures d&#8217;higiene i distanciament social en qualsevol \u00e0mbit<\/strong><\/p>\n\n\n\n<ul class=\"wp-block-gallery columns-2 is-cropped wp-block-gallery-1 is-layout-flex wp-block-gallery-is-layout-flex\"><li class=\"blocks-gallery-item\"><figure><img loading=\"lazy\" decoding=\"async\" width=\"787\" height=\"787\" src=\"http:\/\/www.tucomarca.com\/wordpress\/segunda\/wp-content\/uploads\/2020\/06\/Comercio.jpg\" alt=\"\" data-id=\"108585\" data-link=\"http:\/\/www.tucomarca.com\/wordpress\/segunda\/?attachment_id=108585\" class=\"wp-image-108585\" srcset=\"https:\/\/www.tucomarca.com\/wordpress\/segunda\/wp-content\/uploads\/2020\/06\/Comercio.jpg 787w, https:\/\/www.tucomarca.com\/wordpress\/segunda\/wp-content\/uploads\/2020\/06\/Comercio-290x290.jpg 290w, https:\/\/www.tucomarca.com\/wordpress\/segunda\/wp-content\/uploads\/2020\/06\/Comercio-300x300.jpg 300w, https:\/\/www.tucomarca.com\/wordpress\/segunda\/wp-content\/uploads\/2020\/06\/Comercio-768x768.jpg 768w\" sizes=\"auto, (max-width: 787px) 100vw, 787px\" \/><\/figure><\/li><li class=\"blocks-gallery-item\"><figure><img loading=\"lazy\" decoding=\"async\" width=\"787\" height=\"787\" src=\"http:\/\/www.tucomarca.com\/wordpress\/segunda\/wp-content\/uploads\/2020\/06\/EspaciosPublicos.jpg\" alt=\"\" data-id=\"108587\" data-link=\"http:\/\/www.tucomarca.com\/wordpress\/segunda\/?attachment_id=108587\" class=\"wp-image-108587\" srcset=\"https:\/\/www.tucomarca.com\/wordpress\/segunda\/wp-content\/uploads\/2020\/06\/EspaciosPublicos.jpg 787w, https:\/\/www.tucomarca.com\/wordpress\/segunda\/wp-content\/uploads\/2020\/06\/EspaciosPublicos-290x290.jpg 290w, https:\/\/www.tucomarca.com\/wordpress\/segunda\/wp-content\/uploads\/2020\/06\/EspaciosPublicos-300x300.jpg 300w, https:\/\/www.tucomarca.com\/wordpress\/segunda\/wp-content\/uploads\/2020\/06\/EspaciosPublicos-768x768.jpg 768w\" sizes=\"auto, (max-width: 787px) 100vw, 787px\" \/><\/figure><\/li><li class=\"blocks-gallery-item\"><figure><img loading=\"lazy\" decoding=\"async\" width=\"787\" height=\"787\" src=\"http:\/\/www.tucomarca.com\/wordpress\/segunda\/wp-content\/uploads\/2020\/06\/HorariosMuseos.jpg\" alt=\"\" data-id=\"108589\" data-link=\"http:\/\/www.tucomarca.com\/wordpress\/segunda\/?attachment_id=108589\" class=\"wp-image-108589\" srcset=\"https:\/\/www.tucomarca.com\/wordpress\/segunda\/wp-content\/uploads\/2020\/06\/HorariosMuseos.jpg 787w, https:\/\/www.tucomarca.com\/wordpress\/segunda\/wp-content\/uploads\/2020\/06\/HorariosMuseos-290x290.jpg 290w, https:\/\/www.tucomarca.com\/wordpress\/segunda\/wp-content\/uploads\/2020\/06\/HorariosMuseos-300x300.jpg 300w, https:\/\/www.tucomarca.com\/wordpress\/segunda\/wp-content\/uploads\/2020\/06\/HorariosMuseos-768x768.jpg 768w\" sizes=\"auto, (max-width: 787px) 100vw, 787px\" \/><\/figure><\/li><li class=\"blocks-gallery-item\"><figure><img loading=\"lazy\" decoding=\"async\" width=\"787\" height=\"787\" src=\"http:\/\/www.tucomarca.com\/wordpress\/segunda\/wp-content\/uploads\/2020\/06\/Hosteleria.jpg\" alt=\"\" data-id=\"108591\" data-link=\"http:\/\/www.tucomarca.com\/wordpress\/segunda\/?attachment_id=108591\" class=\"wp-image-108591\" srcset=\"https:\/\/www.tucomarca.com\/wordpress\/segunda\/wp-content\/uploads\/2020\/06\/Hosteleria.jpg 787w, https:\/\/www.tucomarca.com\/wordpress\/segunda\/wp-content\/uploads\/2020\/06\/Hosteleria-290x290.jpg 290w, https:\/\/www.tucomarca.com\/wordpress\/segunda\/wp-content\/uploads\/2020\/06\/Hosteleria-300x300.jpg 300w, https:\/\/www.tucomarca.com\/wordpress\/segunda\/wp-content\/uploads\/2020\/06\/Hosteleria-768x768.jpg 768w\" sizes=\"auto, (max-width: 787px) 100vw, 787px\" \/><\/figure><\/li><li class=\"blocks-gallery-item\"><figure><img loading=\"lazy\" decoding=\"async\" width=\"787\" height=\"787\" src=\"http:\/\/www.tucomarca.com\/wordpress\/segunda\/wp-content\/uploads\/2020\/06\/OtrasDisposiciones.jpg\" alt=\"\" data-id=\"108593\" data-link=\"http:\/\/www.tucomarca.com\/wordpress\/segunda\/?attachment_id=108593\" class=\"wp-image-108593\" srcset=\"https:\/\/www.tucomarca.com\/wordpress\/segunda\/wp-content\/uploads\/2020\/06\/OtrasDisposiciones.jpg 787w, https:\/\/www.tucomarca.com\/wordpress\/segunda\/wp-content\/uploads\/2020\/06\/OtrasDisposiciones-290x290.jpg 290w, https:\/\/www.tucomarca.com\/wordpress\/segunda\/wp-content\/uploads\/2020\/06\/OtrasDisposiciones-300x300.jpg 300w, https:\/\/www.tucomarca.com\/wordpress\/segunda\/wp-content\/uploads\/2020\/06\/OtrasDisposiciones-768x768.jpg 768w\" sizes=\"auto, (max-width: 787px) 100vw, 787px\" \/><\/figure><\/li><li class=\"blocks-gallery-item\"><figure><img loading=\"lazy\" decoding=\"async\" width=\"787\" height=\"787\" src=\"http:\/\/www.tucomarca.com\/wordpress\/segunda\/wp-content\/uploads\/2020\/06\/ParquesInfantiles.jpg\" alt=\"\" data-id=\"108595\" data-link=\"http:\/\/www.tucomarca.com\/wordpress\/segunda\/?attachment_id=108595\" class=\"wp-image-108595\" srcset=\"https:\/\/www.tucomarca.com\/wordpress\/segunda\/wp-content\/uploads\/2020\/06\/ParquesInfantiles.jpg 787w, https:\/\/www.tucomarca.com\/wordpress\/segunda\/wp-content\/uploads\/2020\/06\/ParquesInfantiles-290x290.jpg 290w, https:\/\/www.tucomarca.com\/wordpress\/segunda\/wp-content\/uploads\/2020\/06\/ParquesInfantiles-300x300.jpg 300w, https:\/\/www.tucomarca.com\/wordpress\/segunda\/wp-content\/uploads\/2020\/06\/ParquesInfantiles-768x768.jpg 768w\" sizes=\"auto, (max-width: 787px) 100vw, 787px\" \/><\/figure><\/li><li class=\"blocks-gallery-item\"><figure><img loading=\"lazy\" decoding=\"async\" width=\"787\" height=\"787\" src=\"http:\/\/www.tucomarca.com\/wordpress\/segunda\/wp-content\/uploads\/2020\/06\/UsoMascarilla.jpg\" alt=\"\" data-id=\"108597\" data-link=\"http:\/\/www.tucomarca.com\/wordpress\/segunda\/?attachment_id=108597\" class=\"wp-image-108597\" srcset=\"https:\/\/www.tucomarca.com\/wordpress\/segunda\/wp-content\/uploads\/2020\/06\/UsoMascarilla.jpg 787w, https:\/\/www.tucomarca.com\/wordpress\/segunda\/wp-content\/uploads\/2020\/06\/UsoMascarilla-290x290.jpg 290w, https:\/\/www.tucomarca.com\/wordpress\/segunda\/wp-content\/uploads\/2020\/06\/UsoMascarilla-300x300.jpg 300w, https:\/\/www.tucomarca.com\/wordpress\/segunda\/wp-content\/uploads\/2020\/06\/UsoMascarilla-768x768.jpg 768w\" sizes=\"auto, (max-width: 787px) 100vw, 787px\" \/><\/figure><\/li><\/ul>\n\n\n\n<p>Aquest dilluns 15 de juny els municipis de el Departament de Salut de Requena entren a la Fase 3 de la desescalada, juntament amb tota la Comunitat Valenciana.<br> S&#8217;enumeren a continuaci\u00f3 els principals canvis que suposa entrar en aquesta fase i la seua aplicaci\u00f3 en el nostre municipi:<\/p>\n\n\n\n<p>Es podr\u00e0 circular lliurement per tot el territori de la Comunitad Valenciana.<\/p>\n\n\n\n<p>No quedar\u00e0 reservada cap franja hor\u00e0ria a col\u00b7lectiu algun.<\/p>\n\n\n\n<p>En el cas de contacte social amb persones que es troben dins dels grups considerats vulnerables a la Covid-19, s&#8217;hauran d&#8217;extremar les mesures de seguretat i higiene.<\/p>\n\n\n\n<p>Podr\u00e0 practicar-se a l&#8217;aire lliure activitat f\u00edsica individual sense contacte f\u00edsic i modalitats esportives que es practiquen per parelles.<\/p>\n\n\n\n<p>L&#8217;activitat f\u00edsica individual a l&#8217;aire lliure es pot practicar en grups d&#8217;un m\u00e0xim de trenta persones, respectant les mesures de seguretat i higiene.<\/p>\n\n\n\n<p>\u00das de mascareta: L&#8217;\u00fas de mascareta ser\u00e0 obligatori a la via p\u00fablica, en espais a l&#8217;aire lliure i en qualsevol espai tancat d&#8217;\u00fas p\u00fablic o que es trobe obert a el p\u00fablic, sempre que no siga possible mantenir una dist\u00e0ncia de seguretat interpersonal de a l&#8217; menys dos metres.<\/p>\n\n\n\n<p>L&#8217;obligaci\u00f3 de l&#8217;\u00fas de mascareta no \u00e9s exigible en els seg\u00fcents sup\u00f2sits:<\/p>\n\n\n\n<ul class=\"wp-block-list\"><li>Persones que presenten algun tipus de dificultat respirat\u00f2ria que es puga veure agreujada per l&#8217;\u00fas de mascareta.<\/li><li>Persones en les que l&#8217;\u00fas de mascareta resulte contraindicat per motius de salut degudament justificats, o que per la seua situaci\u00f3 de discapacitat o depend\u00e8ncia presentin alteracions de conducta que facen inviable la seua utilitzaci\u00f3.<\/li><li>Desenvolupament d&#8217;activitats en qu\u00e8, per la pr\u00f2pia naturalesa d&#8217;aquestes, resulte incompatible l&#8217;\u00fas de la mascareta.<\/li><li>Causa de for\u00e7a major o situaci\u00f3 de necessitat.<\/li><\/ul>\n\n\n\n<p><strong>Espais p\u00fablics:<\/strong> La Biblioteca municipal romandr\u00e0 oberta nom\u00e9s per a pr\u00e9stecs i devolucions.<br>El seu horari d&#8217;obertura \u00e9s de 10h a 14h i de 17h a 19h.<br>Per la seua banda, les instal\u00b7lacions esportives com les pistes de tennis, p\u00e0del i front\u00f3 estan obertes sota demanda, a m\u00e9s de la possibilitat de poder reservar un carrer a la pista d&#8217;atletisme per c\u00f3rrer.<br>Pel que fa a l&#8217;SAT, roman operatiu i obert en el seu horari habitual amb cita pr\u00e8via (Enviant un correu abans d&#8217;acudir a sat@requena.es indicant nom i cognoms, el tr\u00e0mit que es vol realitzar i un n\u00famero de tel\u00e8fon per a ser citat o cridant al 96.230 14 00 marcant l&#8217;extensi\u00f3 2007).<\/p>\n\n\n\n<p><strong>Parcs infantils: <\/strong>Malgrat que com ha anunciat el president Ximo Puig, la Generalitat Valenciana permet l&#8217;obertura dels parcs la propera setmana, des de l&#8217;Ajuntament de Requena s&#8217;ha optat per la prud\u00e8ncia, la seguretat i la responsabilitat.<\/p>\n\n\n\n<p>La prioritat d&#8217;aquest consistori no \u00e9s altra que garantir la salut de la ciutadania i per aix\u00f2 s&#8217;ha tingut en compte que els parcs s\u00f3n espais per als m\u00e9s petits<\/p>\n\n\n\n<p>Aix\u00ed doncs, de moment aquestes zones d&#8217;oci infantil seguiran precintades aquesta propera setmana.<\/p>\n\n\n\n<p><strong>Museus: <\/strong>Els horaris dels museus seran els seg\u00fcents:<\/p>\n\n\n\n<ul class=\"wp-block-list\"><li>Oficina de Turisme: 10:00 a 14:00 i 17:00 a 20:00 hores.<\/li><li>Museu Municipal: 10:30 a 14:00 hores.<\/li><li>Museu d&#8217;el Vi: 10:30 a 14:00 i 17:00 a 20:00 hores.<\/li><li>Museu &#8220;Florencio de la Font&#8221;: 17:00 a 20:00 hores.<\/li><li>Per a les visites ser\u00e0 necessari l&#8217;\u00fas de mascareta.<\/li><li>Cal recordar que el carnet d&#8217;ambaixador de Requena es pot sol\u00b7licitar a l&#8217;oficina de turisme i permet accedir als museus de forma gratu\u00efta.<\/li><\/ul>\n\n\n\n<p><strong>Comer\u00e7: <\/strong>L&#8217;aforament ser\u00e0 d&#8217;un m\u00e0xim d&#8217;un 75% en els locals comercials.<br>La dist\u00e0ncia entre venedor i client ser\u00e0 de al menys 1 metre quan es compte amb mitjans de protecci\u00f3 i de al menys 2 metres sense protecci\u00f3.<br>En els locals on no es puga complir la dist\u00e0ncia de seguretat es permetr\u00e0 \u00fanicament la perman\u00e8ncia dins del local d&#8217;un client.<br>El temps de perman\u00e8ncia en el local ser\u00e0 l&#8217;estrictament necessari per a la compra.<\/p>\n\n\n\n<p><strong>Hosteler\u00eda i restauraci\u00f3:<\/strong> Es reobrir\u00e0 a el p\u00fablic el consum dins del local amb un aforament m\u00e0xim del 75%.<br>Es permet el consum en barra sempre que es respecti la dist\u00e0ncia de seguretat.<br>S&#8217;ha d&#8217;assegurar la dist\u00e0ncia de 2 metres entre taules o agrupacions de taules pot arribar a el 100% d&#8217;aforament a les terrasses.<br>S&#8217;obriran a el p\u00fablic locals de discoteques i bars d&#8217;oci nocturn sempre que no se superi un ter\u00e7 del seu aforament i es compleixin les condicions previstes en aquest cap\u00edtol.<br>En tot cas, es pot procedir a l&#8217;obertura a el p\u00fablic de les terrasses a l&#8217;aire lliure d&#8217;aquests establiments en les mateixes condicions i amb els mateixos requisits que la resta de locals.<br>L&#8217;espai destinat a la pista de ball es pot utilitzar per instal\u00b7lar taules o agrupacions de taules, no podent dedicar-se dit espai al seu \u00fas habitual.<\/p>\n\n\n\n<p><strong>Altres disposicions<\/strong>:<\/p>\n\n\n\n<p>L&#8217;aforament perm\u00e8s dels llocs de culte ser\u00e0 del 75%.<\/p>\n\n\n\n<p>S&#8217;autoritzen les sales de vetlla amb un m\u00e0xim de 50 persones en espais a l&#8217;aire lliure i 25 en espais tancats.<\/p>\n\n\n\n<p>Es permeten cerim\u00f2nies nupcials i altres celebracions religioses amb un aforament de l&#8217;75% sense superar les 150 persones en espais a l&#8217;aire lliure o les 75 en espais tancats.<\/p>\n\n\n\n<p>Els espais municipals continuaran oberts amb les mateixes limitacions que a la fase 2 per prud\u00e8ncia.<\/p>\n\n\n\n<p>Per \u00faltim, cal assenyalar que no poden fer \u00fas d&#8217;aquestes habilitacions persones amb s\u00edmptomes o en a\u00efllament, i s&#8217;han de respectar en tot moment les mesures d&#8217;higiene i distanciament interpersonal en qualsevol \u00e0mbit.<\/p>\n","protected":false},"excerpt":{"rendered":"<div class=\"mh-excerpt\">No poden fer \u00fas d&#8217;estes habilitacions persones amb s\u00edmptomes o en a\u00efllament, i han de respectar-se en tot moment les mesures d&#8217;higiene i distanciament social en qualsevol \u00e0mbit Aquest dilluns 15 de juny els municipis <a class=\"mh-excerpt-more\" href=\"https:\/\/www.tucomarca.com\/wordpress\/segunda\/ca\/principals-canvis-davant-de-la-fase-3-i-la-seua-aplicacio-a-requena\/\" title=\"Principals canvis davant de la fase 3 i la seua aplicaci\u00f3 a Requena\">[+] <\/a><\/div>\n","protected":false},"author":12,"featured_media":108583,"comment_status":"open","ping_status":"open","sticky":false,"template":"","format":"standard","meta":{"footnotes":""},"categories":[11010,12202,10948,10894,10903,10947,10908,10909,10896,10897],"tags":[11254,11939,11940,12249,10910],"class_list":{"0":"post-108600","1":"post","2":"type-post","3":"status-publish","4":"format-standard","5":"has-post-thumbnail","7":"category-canal-salud","8":"category-covid-19-ca","9":"category-infraestructuras-ca","10":"category-la-comarca-ca","11":"category-medio-ambiente-la-comarca-ca","12":"category-politica","13":"category-requena-ca","14":"category-requena-utiel-ca","15":"category-seccion-ca","16":"category-sucesos-la-comarca-ca","17":"tag-ayuntamiento-de-requena-ca","18":"tag-coronavirus-ca","19":"tag-covid-19-ca","20":"tag-fase-3-ca","21":"tag-requena-utiel-ca"},"_links":{"self":[{"href":"https:\/\/www.tucomarca.com\/wordpress\/segunda\/ca\/wp-json\/wp\/v2\/posts\/108600","targetHints":{"allow":["GET"]}}],"collection":[{"href":"https:\/\/www.tucomarca.com\/wordpress\/segunda\/ca\/wp-json\/wp\/v2\/posts"}],"about":[{"href":"https:\/\/www.tucomarca.com\/wordpress\/segunda\/ca\/wp-json\/wp\/v2\/types\/post"}],"author":[{"embeddable":true,"href":"https:\/\/www.tucomarca.com\/wordpress\/segunda\/ca\/wp-json\/wp\/v2\/users\/12"}],"replies":[{"embeddable":true,"href":"https:\/\/www.tucomarca.com\/wordpress\/segunda\/ca\/wp-json\/wp\/v2\/comments?post=108600"}],"version-history":[{"count":0,"href":"https:\/\/www.tucomarca.com\/wordpress\/segunda\/ca\/wp-json\/wp\/v2\/posts\/108600\/revisions"}],"wp:featuredmedia":[{"embeddable":true,"href":"https:\/\/www.tucomarca.com\/wordpress\/segunda\/ca\/wp-json\/wp\/v2\/media\/108583"}],"wp:attachment":[{"href":"https:\/\/www.tucomarca.com\/wordpress\/segunda\/ca\/wp-json\/wp\/v2\/media?parent=108600"}],"wp:term":[{"taxonomy":"category","embeddable":true,"href":"https:\/\/www.tucomarca.com\/wordpress\/segunda\/ca\/wp-json\/wp\/v2\/categories?post=108600"},{"taxonomy":"post_tag","embeddable":true,"href":"https:\/\/www.tucomarca.com\/wordpress\/segunda\/ca\/wp-json\/wp\/v2\/tags?post=108600"}],"curies":[{"name":"wp","href":"https:\/\/api.w.org\/{rel}","templated":true}]}}