{"id":108606,"date":"2020-06-15T14:51:36","date_gmt":"2020-06-15T12:51:36","guid":{"rendered":"http:\/\/www.tucomarca.com\/wordpress\/segunda\/?p=108606"},"modified":"2020-06-15T14:52:10","modified_gmt":"2020-06-15T12:52:10","slug":"bunyol-aplica-condicions-especials-en-les-seues-installacions-municipals-esportives-del-planell-a-partir-de-la-fase-3","status":"publish","type":"post","link":"https:\/\/www.tucomarca.com\/wordpress\/segunda\/ca\/bunyol-aplica-condicions-especials-en-les-seues-installacions-municipals-esportives-del-planell-a-partir-de-la-fase-3\/","title":{"rendered":"Bunyol aplica condicions especials en les seues instal\u00b7lacions municipals esportives del Planell a partir de la fase 3"},"content":{"rendered":"\n<p>L&#8217;Ajuntament de Bunyol ha em\u00e8s un comunicat on s&#8217;informa les caracter\u00edstiques per practicar esport a les instal\u00b7lacions municipals a partir de l&#8217;entrada en la Fase 3. <\/p>\n\n\n\n<p>Es limita l&#8217;aforament de 3 persones al gimn\u00e0s, gestionat per les associacions esportives. <\/p>\n\n\n\n<p>Entrenaments redu\u00efts que eviten en la mesura de les possibilitats el contacte entre usuaris a la pista poliesportiva interior. <\/p>\n\n\n\n<p>No es podr\u00e0 reservar la pista interior a particulars durant la fase 3, nom\u00e9s podr\u00e0 ser utilitzada per associacions esportives que freq\u00fcentin els seus entrenaments all\u00e0. <\/p>\n\n\n\n<p>El espele\u00f3dromo nom\u00e9s podr\u00e0 ser utilitzat per federats (les normes d&#8217;\u00fas es trobaran al tauler d&#8217;pavell\u00f3). <\/p>\n\n\n\n<p>Ja no \u00e9s necess\u00e0ria la reserva pr\u00e8via de les pistes. -WC i vestuaris podran ser tancats pels conserges en cas d&#8217;un mal \u00fas dels mateixos. <\/p>\n\n\n\n<p>Hi haur\u00e0 d&#8217;acudir amb guants i mascaretes a les instal\u00b7lacions fins al comen\u00e7ament de la pr\u00e0ctica esportiva. <\/p>\n\n\n\n<p>Podr\u00e0 haver p\u00fablic respectant les mesures de seguretat. <\/p>\n\n\n\n<p>Squash continuar\u00e0 tancat. <\/p>\n\n\n\n<p>Els esports de raqueta a l&#8217;aire lliure es podran desenvolupar en les diferents modalitats, evitant en la mesura de les possibilitats, el contacte entre usuaris. <\/p>\n\n\n\n<p>No es podr\u00e0 acudir a les instal\u00b7lacions de l&#8217;Planell en cas de presentar s\u00edmptomes propis de Covid-19.<\/p>\n","protected":false},"excerpt":{"rendered":"<div class=\"mh-excerpt\">L&#8217;Ajuntament de Bunyol ha em\u00e8s un comunicat on s&#8217;informa les caracter\u00edstiques per practicar esport a les instal\u00b7lacions municipals a partir de l&#8217;entrada en la Fase 3. Es limita l&#8217;aforament de 3 persones al gimn\u00e0s, gestionat <a class=\"mh-excerpt-more\" href=\"https:\/\/www.tucomarca.com\/wordpress\/segunda\/ca\/bunyol-aplica-condicions-especials-en-les-seues-installacions-municipals-esportives-del-planell-a-partir-de-la-fase-3\/\" title=\"Bunyol aplica condicions especials en les seues instal\u00b7lacions municipals esportives del Planell a partir de la fase 3\">[+] <\/a><\/div>\n","protected":false},"author":1,"featured_media":93789,"comment_status":"open","ping_status":"open","sticky":false,"template":"","format":"standard","meta":{"footnotes":""},"categories":[10911,11010,12202,11003,10948,10894,10912,10903,11009,10947,10896,10897],"tags":[11937,11939,11938,11940,11951,11952,10567,11957],"class_list":{"0":"post-108606","1":"post","2":"type-post","3":"status-publish","4":"format-standard","5":"has-post-thumbnail","7":"category-bunol-ca","8":"category-canal-salud","9":"category-covid-19-ca","10":"category-sports","11":"category-infraestructuras-ca","12":"category-la-comarca-ca","13":"category-la-hoya-ca","14":"category-medio-ambiente-la-comarca-ca","15":"category-polideportivo-ca","16":"category-politica","17":"category-seccion-ca","18":"category-sucesos-la-comarca-ca","19":"tag-coronavirus","20":"tag-coronavirus-ca","21":"tag-covid-19","22":"tag-covid-19-ca","23":"tag-covid2019","24":"tag-covid2019-ca","25":"tag-la-hoya-de-buno-chiva","26":"tag-la-hoya-de-buno-chiva-ca"},"_links":{"self":[{"href":"https:\/\/www.tucomarca.com\/wordpress\/segunda\/ca\/wp-json\/wp\/v2\/posts\/108606","targetHints":{"allow":["GET"]}}],"collection":[{"href":"https:\/\/www.tucomarca.com\/wordpress\/segunda\/ca\/wp-json\/wp\/v2\/posts"}],"about":[{"href":"https:\/\/www.tucomarca.com\/wordpress\/segunda\/ca\/wp-json\/wp\/v2\/types\/post"}],"author":[{"embeddable":true,"href":"https:\/\/www.tucomarca.com\/wordpress\/segunda\/ca\/wp-json\/wp\/v2\/users\/1"}],"replies":[{"embeddable":true,"href":"https:\/\/www.tucomarca.com\/wordpress\/segunda\/ca\/wp-json\/wp\/v2\/comments?post=108606"}],"version-history":[{"count":0,"href":"https:\/\/www.tucomarca.com\/wordpress\/segunda\/ca\/wp-json\/wp\/v2\/posts\/108606\/revisions"}],"wp:featuredmedia":[{"embeddable":true,"href":"https:\/\/www.tucomarca.com\/wordpress\/segunda\/ca\/wp-json\/wp\/v2\/media\/93789"}],"wp:attachment":[{"href":"https:\/\/www.tucomarca.com\/wordpress\/segunda\/ca\/wp-json\/wp\/v2\/media?parent=108606"}],"wp:term":[{"taxonomy":"category","embeddable":true,"href":"https:\/\/www.tucomarca.com\/wordpress\/segunda\/ca\/wp-json\/wp\/v2\/categories?post=108606"},{"taxonomy":"post_tag","embeddable":true,"href":"https:\/\/www.tucomarca.com\/wordpress\/segunda\/ca\/wp-json\/wp\/v2\/tags?post=108606"}],"curies":[{"name":"wp","href":"https:\/\/api.w.org\/{rel}","templated":true}]}}