{"id":108641,"date":"2020-06-15T19:09:50","date_gmt":"2020-06-15T17:09:50","guid":{"rendered":"http:\/\/www.tucomarca.com\/wordpress\/segunda\/?p=108641"},"modified":"2020-06-15T19:10:14","modified_gmt":"2020-06-15T17:10:14","slug":"leliana-torna-a-ser-seu-del-programa-de-tecnificacio-de-la-federacio-de-pilota","status":"publish","type":"post","link":"https:\/\/www.tucomarca.com\/wordpress\/segunda\/ca\/leliana-torna-a-ser-seu-del-programa-de-tecnificacio-de-la-federacio-de-pilota\/","title":{"rendered":"L&#8217;Eliana torna a ser seu del programa de tecnificaci\u00f3 de la Federaci\u00f3 de Pilota"},"content":{"rendered":"\n<p>El trinquet de l&#8217;Eliana tornar\u00e0 a ser, despr\u00e9s de m\u00e9s de 30 anys, seu del programa de tecnificaci\u00f3 que organitza la Federaci\u00f3 de Pilota Valenciana, conjuntament amb la Generalitat Valenciana i amb la col\u2022laboraci\u00f3 de la Fundaci\u00f3 Trinidad Alfonso. La localitat va ser, en els inicis del programa, una de les principals seus per on durant anys van passar grans pilotaris en actiu com ara Ra\u00fal, Genov\u00e9s II, Puchol II, Dani, Miguel o Jes\u00fas Cebri\u00e0, entre altres.<\/p>\n\n\n\n<p>D&#8217;aquesta manera l&#8217;Ajuntament de l&#8217;Eliana reafirma el seu comprom\u00eds amb l&#8217;esport aut\u00f2cton valenci\u00e0, impulsant la formaci\u00f3 de joves jugadors en les seues instal\u2022lacions municipals, recuperant l&#8217;afici\u00f3 latent incorporant partides en les festivitats locals i promovent El Club i l&#8217;Escola de Pilota local.<\/p>\n\n\n\n<p>L&#8217;alcalde, Salva Torrent, ha recordat que gr\u00e0cies a aquest programa de rendiment les joves promeses podran entrenar, millorar la preparaci\u00f3 f\u00edsica i competir a tots els nivells en aquesta modalitat esportiva \u201cque forma part de la nostra cultura i la nostra identitat i que a l&#8217;Eliana treballem per recuperar tal com mereix\u201d.<\/p>\n","protected":false},"excerpt":{"rendered":"<div class=\"mh-excerpt\">El trinquet de l&#8217;Eliana tornar\u00e0 a ser, despr\u00e9s de m\u00e9s de 30 anys, seu del programa de tecnificaci\u00f3 que organitza la Federaci\u00f3 de Pilota Valenciana, conjuntament amb la Generalitat Valenciana i amb la col\u2022laboraci\u00f3 de <a class=\"mh-excerpt-more\" href=\"https:\/\/www.tucomarca.com\/wordpress\/segunda\/ca\/leliana-torna-a-ser-seu-del-programa-de-tecnificacio-de-la-federacio-de-pilota\/\" title=\"L&#8217;Eliana torna a ser seu del programa de tecnificaci\u00f3 de la Federaci\u00f3 de Pilota\">[+] <\/a><\/div>\n","protected":false},"author":1,"featured_media":108639,"comment_status":"open","ping_status":"open","sticky":false,"template":"","format":"standard","meta":{"footnotes":""},"categories":[10892,12202,11003,10948,10894,10893,11009,10896,10897],"tags":[10899,11939,11940,11952],"class_list":{"0":"post-108641","1":"post","2":"type-post","3":"status-publish","4":"format-standard","5":"has-post-thumbnail","7":"category-camp-de-turia-ca","8":"category-covid-19-ca","9":"category-sports","10":"category-infraestructuras-ca","11":"category-la-comarca-ca","12":"category-leliana-ca","13":"category-polideportivo-ca","14":"category-seccion-ca","15":"category-sucesos-la-comarca-ca","16":"tag-camp-de-turia-ca","17":"tag-coronavirus-ca","18":"tag-covid-19-ca","19":"tag-covid2019-ca"},"_links":{"self":[{"href":"https:\/\/www.tucomarca.com\/wordpress\/segunda\/ca\/wp-json\/wp\/v2\/posts\/108641","targetHints":{"allow":["GET"]}}],"collection":[{"href":"https:\/\/www.tucomarca.com\/wordpress\/segunda\/ca\/wp-json\/wp\/v2\/posts"}],"about":[{"href":"https:\/\/www.tucomarca.com\/wordpress\/segunda\/ca\/wp-json\/wp\/v2\/types\/post"}],"author":[{"embeddable":true,"href":"https:\/\/www.tucomarca.com\/wordpress\/segunda\/ca\/wp-json\/wp\/v2\/users\/1"}],"replies":[{"embeddable":true,"href":"https:\/\/www.tucomarca.com\/wordpress\/segunda\/ca\/wp-json\/wp\/v2\/comments?post=108641"}],"version-history":[{"count":0,"href":"https:\/\/www.tucomarca.com\/wordpress\/segunda\/ca\/wp-json\/wp\/v2\/posts\/108641\/revisions"}],"wp:featuredmedia":[{"embeddable":true,"href":"https:\/\/www.tucomarca.com\/wordpress\/segunda\/ca\/wp-json\/wp\/v2\/media\/108639"}],"wp:attachment":[{"href":"https:\/\/www.tucomarca.com\/wordpress\/segunda\/ca\/wp-json\/wp\/v2\/media?parent=108641"}],"wp:term":[{"taxonomy":"category","embeddable":true,"href":"https:\/\/www.tucomarca.com\/wordpress\/segunda\/ca\/wp-json\/wp\/v2\/categories?post=108641"},{"taxonomy":"post_tag","embeddable":true,"href":"https:\/\/www.tucomarca.com\/wordpress\/segunda\/ca\/wp-json\/wp\/v2\/tags?post=108641"}],"curies":[{"name":"wp","href":"https:\/\/api.w.org\/{rel}","templated":true}]}}