{"id":108655,"date":"2020-06-15T19:26:03","date_gmt":"2020-06-15T17:26:03","guid":{"rendered":"http:\/\/www.tucomarca.com\/wordpress\/segunda\/?p=108655"},"modified":"2020-06-15T19:26:31","modified_gmt":"2020-06-15T17:26:31","slug":"les-brigades-forestals-de-la-diputacio-condicionen-les-arees-recreatives","status":"publish","type":"post","link":"https:\/\/www.tucomarca.com\/wordpress\/segunda\/ca\/les-brigades-forestals-de-la-diputacio-condicionen-les-arees-recreatives\/","title":{"rendered":"Les brigades forestals de la Diputaci\u00f3 condicionen les \u00e0rees recreatives"},"content":{"rendered":"\n<p>Les brigades forestals de la Diputaci\u00f3 de Val\u00e8ncia treballen en la posada a punt de diferents \u00e0rees recreatives de la muntanya valenciana, amb l&#8217;objectiu de reduir el risc d&#8217;incendis forestals. Els efectius de Divalterra fan treballs de condicionament com per exemple desbrossament, poda i clareig selectiu de la vegetaci\u00f3, davant la previsi\u00f3 que en les pr\u00f2ximes setmanes les zones p\u00fabliques puguen tornar a acollir visitants.<\/p>\n\n\n\n<p>Algunes d&#8217;estes actuacions ja s&#8217;estan duent a terme o s\u2019iniciaran de manera imminent, com \u00e9s el cas d&#8217;Andilla, on s&#8217;est\u00e0 treballant en les \u00e0rees recreatives de La Tejer\u00eda, Fuente del Se\u00f1or i El Puntalico; a Xeraco, a la zona del Mirador d\u2019Aus; al paratge de l&#8217;ermita de Llutxent, aix\u00ed com a l&#8217;\u00e0rea recreativa de Cabiscol de Villar del Arzobispo; el Azud i Fuente del Saz a Tu\u00e9jar; el Parc de la Seda d&#8217;Almoines; l&#8217;\u00e0rea recreativa partida Salines, a Manuel, o la Muntanyeta dels Pins a Benicull de X\u00faquer.<\/p>\n\n\n\n<p>Aix\u00ed mateix, estan previstes noves actuacions en esta mena de paratges, amb l&#8217;objectiu que estiguen en les millors condicions en els mesos d&#8217;estiu, quan el risc d&#8217;incendis forestals \u00e9s major.<\/p>\n\n\n\n<p><strong>Actuacions recurrents<\/strong><\/p>\n\n\n\n<p>Amb l&#8217;objectiu de reduir tr\u00e0mits burocr\u00e0tics i millorar l&#8217;efectivitat de les actuacions, el full de ruta de les brigades forestals recull actuacions classificades com a \u201crecurrents\u201d, especialment en \u00e0rees recreatives, espais d&#8217;elevada aflu\u00e8ncia i zones d&#8217;interf\u00edcie urbanoforestal.<\/p>\n\n\n\n<p>Aix\u00ed, una vegada sol\u2022licitats per l&#8217;ajuntament i acceptats per la Comissi\u00f3 de Seguiment \u2013en la qual estan representats el Consorci Provincial de Bombers, el Servici de Medi Ambient de la Diputaci\u00f3 i Brigades Forestals de Divalterra\u2013 estos treballs s&#8217;executen sense necessitat de fer noves sol\u2022licituds, per la qual cosa autom\u00e0ticament passen a formar part del pla de treball anual.<\/p>\n\n\n\n<p><strong>Increment d&#8217;hores de vigil\u00e0ncia<\/strong><\/p>\n\n\n\n<p>Del 15 de juny fins el pr\u00f2xim dia 30 de setembre, les brigades forestals modifiquen el seu pla de treball habitual per a incrementar les hores dedicades a vigilar la muntanya amb la finalitat de detectar possibles situacions de risc.<\/p>\n\n\n\n<p>D&#8217;esta manera, els efectius de Divalterra realitzaran treballs habituals de silvicultura al mat\u00ed, centrant-se en la vigil\u00e0ncia en horari vespert\u00ed. Aix\u00ed mateix, els dies en qu\u00e8 s&#8217;haja establit nivell de preemerg\u00e8ncia 3 per risc extrem d&#8217;incendis forestals, aix\u00ed com els diumenges i festius amb nivell de preem\u00e8rgencia 2, les brigades es dedicaran exclusivament a labors de vigil\u00e0ncia, tant des dels punts assignats com en ruta.<\/p>\n\n\n\n<p>Les brigades forestals de Divalterra formen part del dispositiu de Prevenci\u00f3 i Extinci\u00f3 d&#8217;Incendis Forestals coordinat per l&#8217;Ag\u00e8ncia Valenciana de Seguretat i Resposta a les Emerg\u00e8ncies, junt amb altres organismes competents en la lluita contra el foc, com el Consorci Provincial de Bombers; la Conselleria de Medi Ambient; Conselleria d\u2019Agricultura, Desenvolupament Rural, Emerg\u00e8ncia Clim\u00e0tica i Transici\u00f3 Ecol\u00f2gica; Gu\u00e0rdia Civil i Policia Auton\u00f2mica, entre altres.&nbsp;<\/p>\n","protected":false},"excerpt":{"rendered":"<div class=\"mh-excerpt\">Les brigades forestals de la Diputaci\u00f3 de Val\u00e8ncia treballen en la posada a punt de diferents \u00e0rees recreatives de la muntanya valenciana, amb l&#8217;objectiu de reduir el risc d&#8217;incendis forestals. Els efectius de Divalterra fan <a class=\"mh-excerpt-more\" href=\"https:\/\/www.tucomarca.com\/wordpress\/segunda\/ca\/les-brigades-forestals-de-la-diputacio-condicionen-les-arees-recreatives\/\" title=\"Les brigades forestals de la Diputaci\u00f3 condicionen les \u00e0rees recreatives\">[+] <\/a><\/div>\n","protected":false},"author":1,"featured_media":108653,"comment_status":"open","ping_status":"open","sticky":false,"template":"","format":"standard","meta":{"footnotes":""},"categories":[10905,11043,12202,11046,10898,10948,10894,10904,10903,10947,10896,10897,11029],"tags":[11939,11940,11956,11952,11246,11096],"class_list":{"0":"post-108655","1":"post","2":"type-post","3":"status-publish","4":"format-standard","5":"has-post-thumbnail","7":"category-agricultura-la-comarca-ca","8":"category-andilla-ca","9":"category-covid-19-ca","10":"category-los-serranos-ca","11":"category-ventana-ca","12":"category-infraestructuras-ca","13":"category-la-comarca-ca","14":"category-sin-categorizar-ca","15":"category-medio-ambiente-la-comarca-ca","16":"category-politica","17":"category-seccion-ca","18":"category-sucesos-la-comarca-ca","19":"category-villar-del-arzobispo-ca","20":"tag-coronavirus-ca","21":"tag-covid-19-ca","22":"tag-covid19-ca","23":"tag-covid2019-ca","24":"tag-diputacio-de-valencia-ca","25":"tag-divalterra-ca"},"_links":{"self":[{"href":"https:\/\/www.tucomarca.com\/wordpress\/segunda\/ca\/wp-json\/wp\/v2\/posts\/108655","targetHints":{"allow":["GET"]}}],"collection":[{"href":"https:\/\/www.tucomarca.com\/wordpress\/segunda\/ca\/wp-json\/wp\/v2\/posts"}],"about":[{"href":"https:\/\/www.tucomarca.com\/wordpress\/segunda\/ca\/wp-json\/wp\/v2\/types\/post"}],"author":[{"embeddable":true,"href":"https:\/\/www.tucomarca.com\/wordpress\/segunda\/ca\/wp-json\/wp\/v2\/users\/1"}],"replies":[{"embeddable":true,"href":"https:\/\/www.tucomarca.com\/wordpress\/segunda\/ca\/wp-json\/wp\/v2\/comments?post=108655"}],"version-history":[{"count":0,"href":"https:\/\/www.tucomarca.com\/wordpress\/segunda\/ca\/wp-json\/wp\/v2\/posts\/108655\/revisions"}],"wp:featuredmedia":[{"embeddable":true,"href":"https:\/\/www.tucomarca.com\/wordpress\/segunda\/ca\/wp-json\/wp\/v2\/media\/108653"}],"wp:attachment":[{"href":"https:\/\/www.tucomarca.com\/wordpress\/segunda\/ca\/wp-json\/wp\/v2\/media?parent=108655"}],"wp:term":[{"taxonomy":"category","embeddable":true,"href":"https:\/\/www.tucomarca.com\/wordpress\/segunda\/ca\/wp-json\/wp\/v2\/categories?post=108655"},{"taxonomy":"post_tag","embeddable":true,"href":"https:\/\/www.tucomarca.com\/wordpress\/segunda\/ca\/wp-json\/wp\/v2\/tags?post=108655"}],"curies":[{"name":"wp","href":"https:\/\/api.w.org\/{rel}","templated":true}]}}