{"id":108736,"date":"2020-06-16T20:06:09","date_gmt":"2020-06-16T18:06:09","guid":{"rendered":"http:\/\/www.tucomarca.com\/wordpress\/segunda\/?p=108736"},"modified":"2020-06-16T20:06:34","modified_gmt":"2020-06-16T18:06:34","slug":"lajuntament-de-requena-informa-sobre-els-passos-que-sha-de-seguir-per-a-tramitar-lingres-minim-vital","status":"publish","type":"post","link":"https:\/\/www.tucomarca.com\/wordpress\/segunda\/ca\/lajuntament-de-requena-informa-sobre-els-passos-que-sha-de-seguir-per-a-tramitar-lingres-minim-vital\/","title":{"rendered":"L&#8217;Ajuntament de Requena informa sobre els passos que s&#8217;ha de seguir per a tramitar l&#8217;Ingr\u00e9s M\u00ednim Vital"},"content":{"rendered":"\n<p><strong>El proc\u00e9s es pot efectuar de manera \u00edntegra a trav\u00e9s de l&#8217;Institut Nacional de la Seguretat Social<\/strong><\/p>\n\n\n\n<p>El consistori requenense informa que a partir d&#8217;aquest dilluns 15 de juny es pot comen\u00e7ar ja a tramitar l&#8217;Ingr\u00e9s M\u00ednim Vital, un proc\u00e9s que es pot gestionar de manera \u00edntegra a trav\u00e9s del Institut Nacional de la Seguretat Social utilitzant per a aix\u00f2 la via telem\u00e0tica, evitant aix\u00ed cues i despla\u00e7aments innecessaris.<\/p>\n\n\n\n<p>Per saber en qu\u00e8 consisteix aquesta ajuda social, els que poden ser beneficiaris i els requisits necessaris, les persones interessades poden informar-se trucant a al tel\u00e8fon 900202222 o b\u00e9 accedint a la web de la Seguretat Social:<br><em>https:\/\/sede.seg-social.gob.es\/wps\/portal\/sede\/sede\/Inicio\/!ut\/p\/z1\/04_Sj9CPykssy0xPLMnMz0vMAfIjo8zijQ3NTAwtDQx93A08XQ0cQ329Qy2NA40NLA31w8EKDHAARwP9KEL6o_ArMYAqwGNFcGqxfkFuhEGWiaMiAA_0buo!\/dz\/d5\/L2dBISEvZ0FBIS9nQSEh\/<\/em><\/p>\n\n\n\n<p>A m\u00e9s, l&#8217;Oficina de la Seguretat Social ha creat un simulador en qu\u00e8 contestant algunes preguntes les persones que necessitin sol\u00b7licitar podran comprovar si compleixen els requisits i l&#8217;import aproximat que li correspondria.<\/p>\n\n\n\n<p>Es pot accedir a aquest a trav\u00e9s de l&#8217;enlla\u00e7:<\/p>\n\n\n\n<p><em> https:\/\/ingreso-minimo-vital.seg-social-innova.es\/simulador<\/em><\/p>\n\n\n\n<p>Finalment s&#8217;adjunten en aquesta mateixa p\u00e0gina web els documents realitzats pel Ministeri d&#8217;Inclusi\u00f3, Seguretat Social i Migracions, que expliquen com sol\u00b7licitar aquest Ingr\u00e9s M\u00ednim Vital utilitzant la via telem\u00e0tica, aix\u00ed com un fitxer en el qual es recullen les seves condicions formulades en el Reial decret llei 20\/2020, de 29 de maig.<\/p>\n","protected":false},"excerpt":{"rendered":"<div class=\"mh-excerpt\">El proc\u00e9s es pot efectuar de manera \u00edntegra a trav\u00e9s de l&#8217;Institut Nacional de la Seguretat Social El consistori requenense informa que a partir d&#8217;aquest dilluns 15 de juny es pot comen\u00e7ar ja a tramitar <a class=\"mh-excerpt-more\" href=\"https:\/\/www.tucomarca.com\/wordpress\/segunda\/ca\/lajuntament-de-requena-informa-sobre-els-passos-que-sha-de-seguir-per-a-tramitar-lingres-minim-vital\/\" title=\"L&#8217;Ajuntament de Requena informa sobre els passos que s&#8217;ha de seguir per a tramitar l&#8217;Ingr\u00e9s M\u00ednim Vital\">[+] <\/a><\/div>\n","protected":false},"author":12,"featured_media":108735,"comment_status":"open","ping_status":"open","sticky":false,"template":"","format":"standard","meta":{"footnotes":""},"categories":[11010,12202,10948,10894,10947,10908,10909,10896,10897],"tags":[11254,11939,11940,12257,10910],"class_list":{"0":"post-108736","1":"post","2":"type-post","3":"status-publish","4":"format-standard","5":"has-post-thumbnail","7":"category-canal-salud","8":"category-covid-19-ca","9":"category-infraestructuras-ca","10":"category-la-comarca-ca","11":"category-politica","12":"category-requena-ca","13":"category-requena-utiel-ca","14":"category-seccion-ca","15":"category-sucesos-la-comarca-ca","16":"tag-ayuntamiento-de-requena-ca","17":"tag-coronavirus-ca","18":"tag-covid-19-ca","19":"tag-ingreso-minimo-vital","20":"tag-requena-utiel-ca"},"_links":{"self":[{"href":"https:\/\/www.tucomarca.com\/wordpress\/segunda\/ca\/wp-json\/wp\/v2\/posts\/108736","targetHints":{"allow":["GET"]}}],"collection":[{"href":"https:\/\/www.tucomarca.com\/wordpress\/segunda\/ca\/wp-json\/wp\/v2\/posts"}],"about":[{"href":"https:\/\/www.tucomarca.com\/wordpress\/segunda\/ca\/wp-json\/wp\/v2\/types\/post"}],"author":[{"embeddable":true,"href":"https:\/\/www.tucomarca.com\/wordpress\/segunda\/ca\/wp-json\/wp\/v2\/users\/12"}],"replies":[{"embeddable":true,"href":"https:\/\/www.tucomarca.com\/wordpress\/segunda\/ca\/wp-json\/wp\/v2\/comments?post=108736"}],"version-history":[{"count":0,"href":"https:\/\/www.tucomarca.com\/wordpress\/segunda\/ca\/wp-json\/wp\/v2\/posts\/108736\/revisions"}],"wp:featuredmedia":[{"embeddable":true,"href":"https:\/\/www.tucomarca.com\/wordpress\/segunda\/ca\/wp-json\/wp\/v2\/media\/108735"}],"wp:attachment":[{"href":"https:\/\/www.tucomarca.com\/wordpress\/segunda\/ca\/wp-json\/wp\/v2\/media?parent=108736"}],"wp:term":[{"taxonomy":"category","embeddable":true,"href":"https:\/\/www.tucomarca.com\/wordpress\/segunda\/ca\/wp-json\/wp\/v2\/categories?post=108736"},{"taxonomy":"post_tag","embeddable":true,"href":"https:\/\/www.tucomarca.com\/wordpress\/segunda\/ca\/wp-json\/wp\/v2\/tags?post=108736"}],"curies":[{"name":"wp","href":"https:\/\/api.w.org\/{rel}","templated":true}]}}