{"id":108862,"date":"2020-06-17T18:31:29","date_gmt":"2020-06-17T16:31:29","guid":{"rendered":"http:\/\/www.tucomarca.com\/wordpress\/segunda\/?p=108862"},"modified":"2020-06-17T18:33:17","modified_gmt":"2020-06-17T16:33:17","slug":"lescola-de-musica-i-dansa-luis-ayllon-de-lartistica-de-bunyol-prepara-el-nou-curs-2020-2021","status":"publish","type":"post","link":"https:\/\/www.tucomarca.com\/wordpress\/segunda\/ca\/lescola-de-musica-i-dansa-luis-ayllon-de-lartistica-de-bunyol-prepara-el-nou-curs-2020-2021\/","title":{"rendered":"L&#8217;Escola de M\u00fasica i Dansa  Luis Ayll\u00f3n de \u00abL&#8217;Art\u00edstica\u00bb de Bunyol prepara el nou curs 2020-2021"},"content":{"rendered":"\n<ul class=\"wp-block-gallery columns-1 is-cropped wp-block-gallery-1 is-layout-flex wp-block-gallery-is-layout-flex\"><li class=\"blocks-gallery-item\"><figure><img loading=\"lazy\" decoding=\"async\" width=\"787\" height=\"590\" src=\"http:\/\/www.tucomarca.com\/wordpress\/segunda\/wp-content\/uploads\/2020\/06\/SMArtisticaCurso2021_2.jpg\" alt=\"\" data-id=\"108857\" data-link=\"http:\/\/www.tucomarca.com\/wordpress\/segunda\/?attachment_id=108857\" class=\"wp-image-108857\" srcset=\"https:\/\/www.tucomarca.com\/wordpress\/segunda\/wp-content\/uploads\/2020\/06\/SMArtisticaCurso2021_2.jpg 787w, https:\/\/www.tucomarca.com\/wordpress\/segunda\/wp-content\/uploads\/2020\/06\/SMArtisticaCurso2021_2-300x225.jpg 300w, https:\/\/www.tucomarca.com\/wordpress\/segunda\/wp-content\/uploads\/2020\/06\/SMArtisticaCurso2021_2-768x576.jpg 768w, https:\/\/www.tucomarca.com\/wordpress\/segunda\/wp-content\/uploads\/2020\/06\/SMArtisticaCurso2021_2-678x509.jpg 678w, https:\/\/www.tucomarca.com\/wordpress\/segunda\/wp-content\/uploads\/2020\/06\/SMArtisticaCurso2021_2-326x245.jpg 326w, https:\/\/www.tucomarca.com\/wordpress\/segunda\/wp-content\/uploads\/2020\/06\/SMArtisticaCurso2021_2-80x60.jpg 80w\" sizes=\"auto, (max-width: 787px) 100vw, 787px\" \/><\/figure><\/li><li class=\"blocks-gallery-item\"><figure><img loading=\"lazy\" decoding=\"async\" width=\"787\" height=\"442\" src=\"http:\/\/www.tucomarca.com\/wordpress\/segunda\/wp-content\/uploads\/2020\/06\/SMArtisticaCurso2021_3.jpg\" alt=\"\" data-id=\"108859\" data-link=\"http:\/\/www.tucomarca.com\/wordpress\/segunda\/?attachment_id=108859\" class=\"wp-image-108859\" srcset=\"https:\/\/www.tucomarca.com\/wordpress\/segunda\/wp-content\/uploads\/2020\/06\/SMArtisticaCurso2021_3.jpg 787w, https:\/\/www.tucomarca.com\/wordpress\/segunda\/wp-content\/uploads\/2020\/06\/SMArtisticaCurso2021_3-300x168.jpg 300w, https:\/\/www.tucomarca.com\/wordpress\/segunda\/wp-content\/uploads\/2020\/06\/SMArtisticaCurso2021_3-768x431.jpg 768w, https:\/\/www.tucomarca.com\/wordpress\/segunda\/wp-content\/uploads\/2020\/06\/SMArtisticaCurso2021_3-678x381.jpg 678w\" sizes=\"auto, (max-width: 787px) 100vw, 787px\" \/><\/figure><\/li><\/ul>\n\n\n\n<p>Despr\u00e9s d&#8217;uns mesos en qu\u00e8 la Societat Musical L&#8217;Art\u00edstica de Bu\u00f1ol, igual que la resta de societats musicals, ha hagut de cancel\u00b7lar i modificar la seua activitat per a adaptar-se a la situaci\u00f3, l&#8217;Escola de M\u00fasica i Dansa &#8220;Luis Ayll\u00f3n&#8221; ja prepara el nou curs amb tota la il\u00b7lusi\u00f3 d&#8217;un nou cicle, despr\u00e9s d&#8217;un tancament de curs 2019-2020 at\u00edpic, sense poder disfrutar de les audicions finals ni del tradicional sopar de germandat que compartixen professors, alumnes i fam\u00edlies.<\/p>\n\n\n\n<p>La direcci\u00f3 de l&#8217;Escola de M\u00fasica i Dansa &#8220;Luis Ayll\u00f3n&#8221; ha dedicat dos dies a la presentaci\u00f3 del nou curs 2020-2021, dividint a les fam\u00edlies d&#8217;alumnes per a garantir un aforament limitat en estes reunions. Mario Ortu\u00f1o Gelardo, director de l&#8217;Escola, va donar a con\u00e9ixer les fam\u00edlies les mesures d&#8217;higiene i seguretat adoptades per a la volta a les classes presencials, que garantiran un correcte desenrotllament sense riscos paa alumnes i professors. A m\u00e9s d&#8217;estes mesures, es van donar a con\u00e9ixer les novetats per al nou curs, que inclouen la incorporaci\u00f3 de personal administratiu, la implantaci\u00f3 de nous sistemes de gesti\u00f3 i comunicaci\u00f3 amb els pares, la implantaci\u00f3 de noves tecnologies a nivell administratiu i pedag\u00f2gic, ampliaci\u00f3 d&#8217;hores lectives i implantaci\u00f3 de noves assignatures, aix\u00ed com l&#8217;atenci\u00f3 personalitzada. Estes millores comporten una important inversi\u00f3, tant a nivell de personal com a nivell de material i equipament, a fi que l&#8217;Escola de M\u00fasica i Dansa &#8220;Luis Ayll\u00f3n&#8221; continue sent un referent per a la resta d&#8217;escoles de m\u00fasica de la Comunitat Valenciana.<\/p>\n\n\n\n<p>Des de l&#8217;Escola estan molt satisfets amb l&#8217;assist\u00e8ncia a estes presentacions i amb l&#8217;acollida a les millores implantades. Aquelles persones interessades que no hagen pogut assistir, poden informar-se trav\u00e9s del correu electr\u00f2nic <a href=\"mailto:escuelaluisayllon@gmail.com\">escuelaluisayllon@gmail.com<\/a> o el tel\u00e8fon 962500250. El per\u00edode de matriculaci\u00f3 per al curs 2020-2021 va comen\u00e7ar el passat 15 de juny i finalitzar\u00e0 el pr\u00f2xim 24 de juliol.<\/p>\n","protected":false},"excerpt":{"rendered":"<div class=\"mh-excerpt\">Despr\u00e9s d&#8217;uns mesos en qu\u00e8 la Societat Musical L&#8217;Art\u00edstica de Bu\u00f1ol, igual que la resta de societats musicals, ha hagut de cancel\u00b7lar i modificar la seua activitat per a adaptar-se a la situaci\u00f3, l&#8217;Escola de <a class=\"mh-excerpt-more\" href=\"https:\/\/www.tucomarca.com\/wordpress\/segunda\/ca\/lescola-de-musica-i-dansa-luis-ayllon-de-lartistica-de-bunyol-prepara-el-nou-curs-2020-2021\/\" title=\"L&#8217;Escola de M\u00fasica i Dansa  Luis Ayll\u00f3n de \u00abL&#8217;Art\u00edstica\u00bb de Bunyol prepara el nou curs 2020-2021\">[+] <\/a><\/div>\n","protected":false},"author":12,"featured_media":108856,"comment_status":"open","ping_status":"open","sticky":false,"template":"","format":"gallery","meta":{"footnotes":""},"categories":[11019,10911,11005,11010,12202,10948,10894,10912,11007,10896],"tags":[11939,11940,11952,10914,11154],"class_list":{"0":"post-108862","1":"post","2":"type-post","3":"status-publish","4":"format-gallery","5":"has-post-thumbnail","7":"category-agenda-ca","8":"category-bunol-ca","9":"category-canal-musica","10":"category-canal-salud","11":"category-covid-19-ca","12":"category-infraestructuras-ca","13":"category-la-comarca-ca","14":"category-la-hoya-ca","15":"category-ocio-y-cultura-ca","16":"category-seccion-ca","17":"tag-coronavirus-ca","18":"tag-covid-19-ca","19":"tag-covid2019-ca","20":"tag-la-hoya-de-bunol-chiva-ca","21":"tag-sm-la-artistica-de-bunol-ca","22":"post_format-post-format-gallery"},"_links":{"self":[{"href":"https:\/\/www.tucomarca.com\/wordpress\/segunda\/ca\/wp-json\/wp\/v2\/posts\/108862","targetHints":{"allow":["GET"]}}],"collection":[{"href":"https:\/\/www.tucomarca.com\/wordpress\/segunda\/ca\/wp-json\/wp\/v2\/posts"}],"about":[{"href":"https:\/\/www.tucomarca.com\/wordpress\/segunda\/ca\/wp-json\/wp\/v2\/types\/post"}],"author":[{"embeddable":true,"href":"https:\/\/www.tucomarca.com\/wordpress\/segunda\/ca\/wp-json\/wp\/v2\/users\/12"}],"replies":[{"embeddable":true,"href":"https:\/\/www.tucomarca.com\/wordpress\/segunda\/ca\/wp-json\/wp\/v2\/comments?post=108862"}],"version-history":[{"count":0,"href":"https:\/\/www.tucomarca.com\/wordpress\/segunda\/ca\/wp-json\/wp\/v2\/posts\/108862\/revisions"}],"wp:featuredmedia":[{"embeddable":true,"href":"https:\/\/www.tucomarca.com\/wordpress\/segunda\/ca\/wp-json\/wp\/v2\/media\/108856"}],"wp:attachment":[{"href":"https:\/\/www.tucomarca.com\/wordpress\/segunda\/ca\/wp-json\/wp\/v2\/media?parent=108862"}],"wp:term":[{"taxonomy":"category","embeddable":true,"href":"https:\/\/www.tucomarca.com\/wordpress\/segunda\/ca\/wp-json\/wp\/v2\/categories?post=108862"},{"taxonomy":"post_tag","embeddable":true,"href":"https:\/\/www.tucomarca.com\/wordpress\/segunda\/ca\/wp-json\/wp\/v2\/tags?post=108862"}],"curies":[{"name":"wp","href":"https:\/\/api.w.org\/{rel}","templated":true}]}}