{"id":108883,"date":"2020-06-17T19:30:22","date_gmt":"2020-06-17T17:30:22","guid":{"rendered":"http:\/\/www.tucomarca.com\/wordpress\/segunda\/?p=108883"},"modified":"2020-06-17T19:43:40","modified_gmt":"2020-06-17T17:43:40","slug":"el-mercat-setmanal-de-requena-entra-en-fase-3-amb-el-75-dels-llocs-i-mesures-de-seguretat","status":"publish","type":"post","link":"https:\/\/www.tucomarca.com\/wordpress\/segunda\/ca\/el-mercat-setmanal-de-requena-entra-en-fase-3-amb-el-75-dels-llocs-i-mesures-de-seguretat\/","title":{"rendered":"El mercat setmanal de Requena entra en fase 3 amb el 75 % dels llocs i mesures de seguretat"},"content":{"rendered":"\n<p><strong>Els clients hauran de complir una s\u00e8rie de normes, com l&#8217;\u00fas obligatori de m\u00e0scara, transitar pels tres carrils de pas habilitats per a realitzar les compres i respectar el manteniment de la dist\u00e0ncia de seguretat (2 metres) entre cada client. En qualsevol cas, les forces de seguretat del nostre municipi (Policia Local i Protecci\u00f3 Civil) han de vetllar pel correcte funcionament de l&#8217;activitat<\/strong><\/p>\n\n\n\n<p>Aquest dissabte 20 de juny el mercat setmanal no sedentari de Requena entra a la fase 3 de la desescalada.<\/p>\n\n\n\n<p>Ho far\u00e0 amb un 75 per cent dels llocs operatius autoritzats, i amb les mateixes mesures de seguretat que s&#8217;han adoptat fins la data per garantir aix\u00ed el seu correcte funcionament i evitar amb aix\u00f2 possibles contagis davant la pand\u00e8mia de COVID-19.<\/p>\n\n\n\n<p>D&#8217;aquesta manera, des de la Policia Local de Requena han dif\u00f3s una normativa dirigida tant a venedors coma a clients perqu\u00e8 l&#8217;activitat comercial puga desenvolupar-se el millor possible.<\/p>\n\n\n\n<p>En qualsevol cas, les forces de seguretat del nostre municipi (Policia Local i Protecci\u00f3 Civil) estaran coordinant en tot moment el transcurs de la mateixa.<\/p>\n\n\n\n<p>En aquesta normativa, la policia local de Requena estableix un horari d&#8217;entrada per als mercaders amb els seus camions, que es configura de la seg\u00fcent manera:<\/p>\n\n\n\n<ul class=\"wp-block-list\"><li>1r i 2n Tram Avinguda (Tram A i B): entrada a les 06:00 hores.<\/li><li>3r i 4t Tram Avinguda Raval (Tram C i D): entrada a les 06:30 hores.<\/li><li>5\u00e8 Tram Av. Raval i C \/ Lu\u00eds Verd\u00fa (Tram I i L): entrada a les 07:00 hores.<\/li><\/ul>\n\n\n\n<p>Aix\u00ed mateix, els vehicles hauran de quedar FORA DEL RECINTE de mercat abans de les 08:00 hores.<\/p>\n\n\n\n<p>L&#8217;horari d&#8217;obertura de l&#8217;mercat ser\u00e0 de 08:00 hores a 14:00 hores.<\/p>\n\n\n\n<p>Posteriorment, es procedir\u00e0 a l&#8217;entrada de vehicles per procedir a la c\u00e0rrega de l&#8217;material.<\/p>\n\n\n\n<p>Els llocs hauran de quedar recollits i la zona neta a les 15:00 hores.<br>La distribuci\u00f3 de sistema de muntatge de llocs ser\u00e0 a &#8220;Zig-Zag&#8221;, i es dur\u00e0 a terme seguint les instruccions de la Policia Local, que coordinar\u00e0 tot el proc\u00e9s.<\/p>\n\n\n\n<p>Per als venedors, la normativa obliga a l&#8217;\u00fas de guants, mascareta i mesures d&#8217;higiene (rentat, hidrogel, ETC), l&#8217;adquisici\u00f3 corre per compte del \/ de la venedor \/ a.<\/p>\n\n\n\n<p>S&#8217;estableix tamb\u00e9 un m\u00e0xim de dos venedors en cada lloc, guardant tres metres de dist\u00e0ncia entre ells.<br>\u00danicament el venedor \/ a podr\u00e0 tocar els productes de venda, quedant prohibit que el client puga tocar-los si no va a adquirir-los posteriorment.<br>Despr\u00e9s de cada transacci\u00f3 (sobretot si es fa servir diners en met\u00e0l\u00b7lic), el venedor haur\u00e0 de rentar-se les mans amb gel hidroalcoh\u00f3lico. Els llocs de venda han de ser netejats i desinfectats amb freq\u00fc\u00e8ncia.<\/p>\n\n\n\n<p>Pel que fa a la col\u00b7locaci\u00f3 de les parades, en els mateixos s&#8217;haur\u00e0 habilitar un taulell (taula) per dip\u00f2sit de bosses de compra i diners en la part davantera.<\/p>\n\n\n\n<p>S&#8217;hauran a m\u00e9s separar els productes de venda a una dist\u00e0ncia d&#8217;un metre d&#8217;client mitjan\u00e7ant abalisament amb cinta, corda, cadena de pl\u00e0stic o similar.<\/p>\n\n\n\n<p>Els clients no tindran acc\u00e9s directe als productes en cap cas.<\/p>\n\n\n\n<p>El venedor atendr\u00e0 cada petici\u00f3 de forma individual, facilitant el producte sol\u00b7licitat a el client sense que aquest pugui manipular altres productes m\u00e9s que el sol\u00b7licitat.<\/p>\n\n\n\n<p>En el cas que el client no vullga el producte sol\u00b7licitat, aquest no podr\u00e0 ser venut a un altre client.<\/p>\n\n\n\n<p>Es guardar\u00e0 en caixa preparada ex-professo per a aquesta comesa, i no podr\u00e0 ser ofert a un altre client fins que no siga desinfectat o passe la seua preceptiva quarantena.<\/p>\n\n\n\n<p>Finalment, els clients tamb\u00e9 han de complir una s\u00e8rie de normes, com l&#8217;\u00fas obligatori de m\u00e0scara, transitar pels tres carrils de pas habilitats per a realitzar les compres i respectar el manteniment de la dist\u00e0ncia de seguretat (2 metres) entre cada client.<\/p>\n","protected":false},"excerpt":{"rendered":"<div class=\"mh-excerpt\">Els clients hauran de complir una s\u00e8rie de normes, com l&#8217;\u00fas obligatori de m\u00e0scara, transitar pels tres carrils de pas habilitats per a realitzar les compres i respectar el manteniment de la dist\u00e0ncia de seguretat <a class=\"mh-excerpt-more\" href=\"https:\/\/www.tucomarca.com\/wordpress\/segunda\/ca\/el-mercat-setmanal-de-requena-entra-en-fase-3-amb-el-75-dels-llocs-i-mesures-de-seguretat\/\" title=\"El mercat setmanal de Requena entra en fase 3 amb el 75 % dels llocs i mesures de seguretat\">[+] <\/a><\/div>\n","protected":false},"author":12,"featured_media":108882,"comment_status":"open","ping_status":"open","sticky":false,"template":"","format":"standard","meta":{"footnotes":""},"categories":[11010,12202,10948,10894,10947,10908,10909,10896,10897],"tags":[11254,11939,11940,12275,10910],"class_list":{"0":"post-108883","1":"post","2":"type-post","3":"status-publish","4":"format-standard","5":"has-post-thumbnail","7":"category-canal-salud","8":"category-covid-19-ca","9":"category-infraestructuras-ca","10":"category-la-comarca-ca","11":"category-politica","12":"category-requena-ca","13":"category-requena-utiel-ca","14":"category-seccion-ca","15":"category-sucesos-la-comarca-ca","16":"tag-ayuntamiento-de-requena-ca","17":"tag-coronavirus-ca","18":"tag-covid-19-ca","19":"tag-mercado-semanal-ca","20":"tag-requena-utiel-ca"},"_links":{"self":[{"href":"https:\/\/www.tucomarca.com\/wordpress\/segunda\/ca\/wp-json\/wp\/v2\/posts\/108883","targetHints":{"allow":["GET"]}}],"collection":[{"href":"https:\/\/www.tucomarca.com\/wordpress\/segunda\/ca\/wp-json\/wp\/v2\/posts"}],"about":[{"href":"https:\/\/www.tucomarca.com\/wordpress\/segunda\/ca\/wp-json\/wp\/v2\/types\/post"}],"author":[{"embeddable":true,"href":"https:\/\/www.tucomarca.com\/wordpress\/segunda\/ca\/wp-json\/wp\/v2\/users\/12"}],"replies":[{"embeddable":true,"href":"https:\/\/www.tucomarca.com\/wordpress\/segunda\/ca\/wp-json\/wp\/v2\/comments?post=108883"}],"version-history":[{"count":0,"href":"https:\/\/www.tucomarca.com\/wordpress\/segunda\/ca\/wp-json\/wp\/v2\/posts\/108883\/revisions"}],"wp:featuredmedia":[{"embeddable":true,"href":"https:\/\/www.tucomarca.com\/wordpress\/segunda\/ca\/wp-json\/wp\/v2\/media\/108882"}],"wp:attachment":[{"href":"https:\/\/www.tucomarca.com\/wordpress\/segunda\/ca\/wp-json\/wp\/v2\/media?parent=108883"}],"wp:term":[{"taxonomy":"category","embeddable":true,"href":"https:\/\/www.tucomarca.com\/wordpress\/segunda\/ca\/wp-json\/wp\/v2\/categories?post=108883"},{"taxonomy":"post_tag","embeddable":true,"href":"https:\/\/www.tucomarca.com\/wordpress\/segunda\/ca\/wp-json\/wp\/v2\/tags?post=108883"}],"curies":[{"name":"wp","href":"https:\/\/api.w.org\/{rel}","templated":true}]}}