{"id":108949,"date":"2020-06-18T22:55:10","date_gmt":"2020-06-18T20:55:10","guid":{"rendered":"http:\/\/www.tucomarca.com\/wordpress\/segunda\/?p=108949"},"modified":"2020-06-18T23:15:50","modified_gmt":"2020-06-18T21:15:50","slug":"la-diputacio-destina-13-milions-deuros-a-la-lluita-contra-la-despoblacio-en-52-municipis-valencians","status":"publish","type":"post","link":"https:\/\/www.tucomarca.com\/wordpress\/segunda\/ca\/la-diputacio-destina-13-milions-deuros-a-la-lluita-contra-la-despoblacio-en-52-municipis-valencians\/","title":{"rendered":"La Diputaci\u00f3 destina 1,3 milions d&#8217;euros a la lluita contra la despoblaci\u00f3 en 52 municipis valencians"},"content":{"rendered":"\n<p><strong>Esta ajuda espec\u00edfica forma part del Fons de Cooperaci\u00f3 Municipal contra el Despoblament conjunt amb la Generalitat, que aportar\u00e0 la mateixa quantitat<\/strong><\/p>\n\n\n\n<p><strong>El diputat provincial de Desenvolupament Rural, Ramiro Rivera, destaca esta \u201cinjecci\u00f3 directa per a fomentar l&#8217;economia que busca dinamitzar el desenvolupament local i incentivar l&#8217;emprenedoria\u201d<\/strong><\/p>\n\n\n\n<p>La Diputaci\u00f3 de Val\u00e8ncia destina enguany 1.329.484 euros a la lluita contra la despoblaci\u00f3 en 52 municipis d&#8217;11 comarques valencianes. Esta injecci\u00f3 directa per a fomentar l&#8217;economia local de zones en risc de despoblaci\u00f3 forma part del Fons de Cooperaci\u00f3 Municipal contra el Despoblament en el qual la Diputaci\u00f3 participa al costat de la Generalitat, que aportar\u00e0 la mateixa quantitat.<\/p>\n\n\n\n<p>L\u2019ajuda, de naturalesa incondicionada, podr\u00e0 destinar-se a inversi\u00f3 o despesa corrent amb plena autonomia municipal, com recull la resoluci\u00f3 d&#8217;11 de juny publicada en el DOGV del 17 d&#8217;este mateix mes. La Diputaci\u00f3 s&#8217;adherix a este Fons en les mateixes condicions que la Generalitat i transferir\u00e0 als consistoris la mitat dels 2,6 milions d&#8217;euros per a la prov\u00edncia durant l&#8217;estiu.<\/p>\n\n\n\n<p>El diputat provincial de Desenvolupament Rural i Pol\u00edtiques contra la Despoblaci\u00f3, Ramiro Rivera, explica que l&#8217;ess\u00e8ncia d&#8217;este Fons, que ja va arribar a mig centenar de consistoris valencians l&#8217;any passat, \u00e9s \u201cfomentar el desenvolupament local incentivant l&#8217;economia social i l&#8217;emprenedoria en zones amb escassa poblaci\u00f3 o en risc de caiguda demogr\u00e0fica\u201d.<\/p>\n\n\n\n<p>No obstant aix\u00f2, en el context actual de crisi sanit\u00e0ria i els seus efectes econ\u00f2mics Rivera ent\u00e9n, en la l\u00ednia de la resoluci\u00f3 auton\u00f2mica, que les administracions insten els consistoris a prioritzar les actuacions destinades a reactivar els sectors productius i les accions encaminades a pal\u00b7liar les repercussions socials de la pand\u00e8mia, especialment en els municipis que hagen registrat una major incid\u00e8ncia de la COVID-19.<\/p>\n\n\n\n<p><strong>Criteris i comarques<\/strong><\/p>\n\n\n\n<p>Entre els criteris que s&#8217;han tingut en compte a l&#8217;hora de distribuir les ajudes del Fons de Cooperaci\u00f3 Municipal contra el Despoblament destaquen par\u00e0metres objectius com el poblacional i el territorial, aix\u00ed com la p\u00e8rdua manifesta de poblaci\u00f3. Estos i altres criteris s&#8217;afigen a una quantitat m\u00ednima fixa que tenen assignada tots els pobles inclosos en el programa i que presenten un risc de despoblaci\u00f3.<\/p>\n\n\n\n<p>Per comarques, tots els municipis de La Serran\u00eda, el Rinc\u00f3n d&#8217;Ademuz i la Vall d&#8217;Ayora-Cofrentes estan inclosos en este fons. A m\u00e9s d&#8217;estos 33 pobles, el programa contempla ajudes per a Rugat, Sempere, Bell\u00fas, Carr\u00edcola, Aielo de Rugat i Pinet a la Vall d&#8217;Albaida; Chera, Sinarcas, Venta del Moro, Camporrobles i Villargordo del Cabriel a la comarca Requena-Utiel; i Bicorp, Millares i Quesa a La Canal de Navarr\u00e9s.<\/p>\n\n\n\n<p>El Fons conjunt entre la Diputaci\u00f3 i la Generalitat per a fer front a la despoblaci\u00f3 arriba a altres cinc comarques a trav\u00e9s de sengles municipis. En concret, Dos Aguas en l\u2019Hoya de Bu\u00f1ol-Chiva; Estubeny a La Costera; G\u00e1tova al Camp de T\u00faria; Llaur\u00ed a la Ribera Baixa; i Llocnou de la Corona a L&#8217;Horta Sud.<\/p>\n","protected":false},"excerpt":{"rendered":"<div class=\"mh-excerpt\">Esta ajuda espec\u00edfica forma part del Fons de Cooperaci\u00f3 Municipal contra el Despoblament conjunt amb la Generalitat, que aportar\u00e0 la mateixa quantitat El diputat provincial de Desenvolupament Rural, Ramiro Rivera, destaca esta \u201cinjecci\u00f3 directa per <a class=\"mh-excerpt-more\" href=\"https:\/\/www.tucomarca.com\/wordpress\/segunda\/ca\/la-diputacio-destina-13-milions-deuros-a-la-lluita-contra-la-despoblacio-en-52-municipis-valencians\/\" title=\"La Diputaci\u00f3 destina 1,3 milions d&#8217;euros a la lluita contra la despoblaci\u00f3 en 52 municipis valencians\">[+] <\/a><\/div>\n","protected":false},"author":12,"featured_media":108948,"comment_status":"open","ping_status":"open","sticky":false,"template":"","format":"standard","meta":{"footnotes":""},"categories":[10890,10951,10965,10892,11031,10976,11046,10898,10929,10948,10963,10894,10904,10912,10970,10972,10896,11058,11060,11037],"tags":[6181,4013],"class_list":{"0":"post-108949","1":"post","2":"type-post","3":"status-publish","4":"format-standard","5":"has-post-thumbnail","7":"category-ademus","8":"category-ayora-cofrentes-ca","9":"category-bicorp-ca","10":"category-camp-de-turia-ca","11":"category-camporrobles-ca","12":"category-dos-aguas-ca","13":"category-los-serranos-ca","14":"category-ventana-ca","15":"category-gatova-ca","16":"category-infraestructuras-ca","17":"category-la-canal-de-navarres-ca","18":"category-la-comarca-ca","19":"category-sin-categorizar-ca","20":"category-la-hoya-ca","21":"category-millares-ca","22":"category-quesa-ca","23":"category-seccion-ca","24":"category-sinarcas-ca","25":"category-venta-del-moro-ca","26":"category-chera-los-serranos-ca","27":"tag-despoblacion","28":"tag-diputacion-de-valencia"},"_links":{"self":[{"href":"https:\/\/www.tucomarca.com\/wordpress\/segunda\/ca\/wp-json\/wp\/v2\/posts\/108949","targetHints":{"allow":["GET"]}}],"collection":[{"href":"https:\/\/www.tucomarca.com\/wordpress\/segunda\/ca\/wp-json\/wp\/v2\/posts"}],"about":[{"href":"https:\/\/www.tucomarca.com\/wordpress\/segunda\/ca\/wp-json\/wp\/v2\/types\/post"}],"author":[{"embeddable":true,"href":"https:\/\/www.tucomarca.com\/wordpress\/segunda\/ca\/wp-json\/wp\/v2\/users\/12"}],"replies":[{"embeddable":true,"href":"https:\/\/www.tucomarca.com\/wordpress\/segunda\/ca\/wp-json\/wp\/v2\/comments?post=108949"}],"version-history":[{"count":0,"href":"https:\/\/www.tucomarca.com\/wordpress\/segunda\/ca\/wp-json\/wp\/v2\/posts\/108949\/revisions"}],"wp:featuredmedia":[{"embeddable":true,"href":"https:\/\/www.tucomarca.com\/wordpress\/segunda\/ca\/wp-json\/wp\/v2\/media\/108948"}],"wp:attachment":[{"href":"https:\/\/www.tucomarca.com\/wordpress\/segunda\/ca\/wp-json\/wp\/v2\/media?parent=108949"}],"wp:term":[{"taxonomy":"category","embeddable":true,"href":"https:\/\/www.tucomarca.com\/wordpress\/segunda\/ca\/wp-json\/wp\/v2\/categories?post=108949"},{"taxonomy":"post_tag","embeddable":true,"href":"https:\/\/www.tucomarca.com\/wordpress\/segunda\/ca\/wp-json\/wp\/v2\/tags?post=108949"}],"curies":[{"name":"wp","href":"https:\/\/api.w.org\/{rel}","templated":true}]}}