{"id":109084,"date":"2020-06-22T23:00:37","date_gmt":"2020-06-22T21:00:37","guid":{"rendered":"http:\/\/www.tucomarca.com\/wordpress\/segunda\/?p=109084"},"modified":"2020-06-23T00:36:11","modified_gmt":"2020-06-22T22:36:11","slug":"lajuntament-dutiel-suspen-lescola-destiu","status":"publish","type":"post","link":"https:\/\/www.tucomarca.com\/wordpress\/segunda\/ca\/lajuntament-dutiel-suspen-lescola-destiu\/","title":{"rendered":"L&#8217;Ajuntament d&#8217;Utiel susp\u00e9n l&#8217;Escola d&#8217;Estiu"},"content":{"rendered":"\n<p><strong>La impossibilitat de complir amb els protocols de prevenci\u00f3 obliga a suspendre la realitzaci\u00f3 d&#8217;haquets servei municipal<\/strong><\/p>\n\n\n\n<p>L&#8217;Ajuntament d&#8217;Utiel ha decidit suspendre l&#8217;Escola d&#8217;Estiu que tradicionalment es desenvolupa en els mesos de juliol i agost, davant la impossibilitat de complir amb les estrictes mesures de seguretat i salut establertes per a l&#8217;obertura d&#8217;aquest tipus de serveis.<\/p>\n\n\n\n<p>Despr\u00e9s d&#8217;avaluar els protocols a aplicar en aquestes instal\u00b7lacions dirigides a poblaci\u00f3 especialment vulnerable, com \u00e9s la infantil, la regidoria d&#8217;Educaci\u00f3 ha adoptat la decisi\u00f3 de no obrir l&#8217;Escola d&#8217;Estiu a Utiel al no poder garantir la correcta aplicaci\u00f3 de les mesures exigides.<\/p>\n\n\n\n<p>Davant d&#8217;aquest escenari complex en el que \u00e9s pr\u00e0cticament inviable mantenir la dist\u00e0ncia de seguretat i evitar el contacte entre els alumnes durant la celebraci\u00f3 de les activitats programades, el consistori utielano ha susp\u00e8s la posada en marxa de l&#8217;Escola d&#8217;Estiu amb l&#8217;objectiu de garantir la seguretat i salut de l&#8217;alumnat infantil.<\/p>\n","protected":false},"excerpt":{"rendered":"<div class=\"mh-excerpt\">La impossibilitat de complir amb els protocols de prevenci\u00f3 obliga a suspendre la realitzaci\u00f3 d&#8217;haquets servei municipal L&#8217;Ajuntament d&#8217;Utiel ha decidit suspendre l&#8217;Escola d&#8217;Estiu que tradicionalment es desenvolupa en els mesos de juliol i agost, <a class=\"mh-excerpt-more\" href=\"https:\/\/www.tucomarca.com\/wordpress\/segunda\/ca\/lajuntament-dutiel-suspen-lescola-destiu\/\" title=\"L&#8217;Ajuntament d&#8217;Utiel susp\u00e9n l&#8217;Escola d&#8217;Estiu\">[+] <\/a><\/div>\n","protected":false},"author":12,"featured_media":105518,"comment_status":"open","ping_status":"open","sticky":false,"template":"","format":"standard","meta":{"footnotes":""},"categories":[11010,12202,10948,10894,10947,10909,10896,10897,11059],"tags":[11456,11939,11940,10910],"class_list":{"0":"post-109084","1":"post","2":"type-post","3":"status-publish","4":"format-standard","5":"has-post-thumbnail","7":"category-canal-salud","8":"category-covid-19-ca","9":"category-infraestructuras-ca","10":"category-la-comarca-ca","11":"category-politica","12":"category-requena-utiel-ca","13":"category-seccion-ca","14":"category-sucesos-la-comarca-ca","15":"category-utiel-ca","16":"tag-ayuntamiento-de-utiel-ca","17":"tag-coronavirus-ca","18":"tag-covid-19-ca","19":"tag-requena-utiel-ca"},"_links":{"self":[{"href":"https:\/\/www.tucomarca.com\/wordpress\/segunda\/ca\/wp-json\/wp\/v2\/posts\/109084","targetHints":{"allow":["GET"]}}],"collection":[{"href":"https:\/\/www.tucomarca.com\/wordpress\/segunda\/ca\/wp-json\/wp\/v2\/posts"}],"about":[{"href":"https:\/\/www.tucomarca.com\/wordpress\/segunda\/ca\/wp-json\/wp\/v2\/types\/post"}],"author":[{"embeddable":true,"href":"https:\/\/www.tucomarca.com\/wordpress\/segunda\/ca\/wp-json\/wp\/v2\/users\/12"}],"replies":[{"embeddable":true,"href":"https:\/\/www.tucomarca.com\/wordpress\/segunda\/ca\/wp-json\/wp\/v2\/comments?post=109084"}],"version-history":[{"count":0,"href":"https:\/\/www.tucomarca.com\/wordpress\/segunda\/ca\/wp-json\/wp\/v2\/posts\/109084\/revisions"}],"wp:featuredmedia":[{"embeddable":true,"href":"https:\/\/www.tucomarca.com\/wordpress\/segunda\/ca\/wp-json\/wp\/v2\/media\/105518"}],"wp:attachment":[{"href":"https:\/\/www.tucomarca.com\/wordpress\/segunda\/ca\/wp-json\/wp\/v2\/media?parent=109084"}],"wp:term":[{"taxonomy":"category","embeddable":true,"href":"https:\/\/www.tucomarca.com\/wordpress\/segunda\/ca\/wp-json\/wp\/v2\/categories?post=109084"},{"taxonomy":"post_tag","embeddable":true,"href":"https:\/\/www.tucomarca.com\/wordpress\/segunda\/ca\/wp-json\/wp\/v2\/tags?post=109084"}],"curies":[{"name":"wp","href":"https:\/\/api.w.org\/{rel}","templated":true}]}}