{"id":109181,"date":"2020-06-23T19:55:03","date_gmt":"2020-06-23T17:55:03","guid":{"rendered":"http:\/\/www.tucomarca.com\/wordpress\/segunda\/?p=109181"},"modified":"2020-06-23T23:00:47","modified_gmt":"2020-06-23T21:00:47","slug":"victor-sanchez-seguira-un-any-mes-en-el-cd-bunyol-despres-de-convertir-se-en-una-de-les-revelacions-de-la-temporada","status":"publish","type":"post","link":"https:\/\/www.tucomarca.com\/wordpress\/segunda\/ca\/victor-sanchez-seguira-un-any-mes-en-el-cd-bunyol-despres-de-convertir-se-en-una-de-les-revelacions-de-la-temporada\/","title":{"rendered":"V\u00edctor S\u00e1nchez seguir\u00e0 un any m\u00e9s en el CD Bunyol despr\u00e9s de convertir-se en una de les revelacions de la temporada"},"content":{"rendered":"\n<p>Des del Club Esportiu Bunyol han anunciat la renovaci\u00f3 de l&#8217;defensa V\u00edctor S\u00e1nchez, un dels jugadors amb m\u00e9s projecci\u00f3 despr\u00e9s d&#8217;aquesta \u00faltima temporada.<\/p>\n\n\n\n<p>Des del club blanc han destacat que &#8220;totes les temporades ens deixen un bon nombre d&#8217;hist\u00f2ries, unes boniques i altres no tant. I aquesta de la qual us parlem en aquestes l\u00ednies \u00e9s de les millors. V\u00edctor va arribar a Bunyol de puntetes el passat estiu . de fet, la not\u00edcia de la seva incorporaci\u00f3 a penes ens va ocupar una l\u00ednia i ni tan sols vam poder trobar una foto seva amb la qual il\u00b7lustrar la mateixa. Simplement sab\u00edem que es tractava d&#8217;un central molt jove format a la prestigiosa pedrera de l&#8217;Sant Josep, per\u00f2 que tot just havia tingut rellev\u00e0ncia en la seva primera temporada com amateur al filial de l&#8217;Paterna&#8221;.<\/p>\n\n\n\n<p>&#8220;No obstant aix\u00f2, entrenament a entrenament, partit a partit, V\u00edctor no nom\u00e9s s&#8217;ha convertit en una pe\u00e7a fonamental de la nostra defensa, sin\u00f3 que a dia d&#8217;avui segurament \u00e9s el central jove amb m\u00e9s projecci\u00f3 de tota la Preferent valenciana. D&#8217;aqu\u00ed la import\u00e0ncia d&#8217;aquesta renovaci\u00f3, ja que si V\u00edctor continua amb la seva magn\u00edfica progressi\u00f3, estem segurs que la temporada vinent es convertir\u00e0 en un central de refer\u00e8ncia&#8221;.<\/p>\n\n\n\n<p>&#8220;Un poder impressionant, tant en el joc aeri com en els talls de pilota, s\u00f3n les principals caracter\u00edstiques d&#8217;aquest jove jugador que seguir\u00e0 fent-nos gaudir una temporada m\u00e9s al Beltr\u00e1n B\u00e1guena&#8221;, han finalitzat des del CD Bunyol.<\/p>\n","protected":false},"excerpt":{"rendered":"<div class=\"mh-excerpt\">Des del Club Esportiu Bunyol han anunciat la renovaci\u00f3 de l&#8217;defensa V\u00edctor S\u00e1nchez, un dels jugadors amb m\u00e9s projecci\u00f3 despr\u00e9s d&#8217;aquesta \u00faltima temporada. Des del club blanc han destacat que &#8220;totes les temporades ens deixen <a class=\"mh-excerpt-more\" href=\"https:\/\/www.tucomarca.com\/wordpress\/segunda\/ca\/victor-sanchez-seguira-un-any-mes-en-el-cd-bunyol-despres-de-convertir-se-en-una-de-les-revelacions-de-la-temporada\/\" title=\"V\u00edctor S\u00e1nchez seguir\u00e0 un any m\u00e9s en el CD Bunyol despr\u00e9s de convertir-se en una de les revelacions de la temporada\">[+] <\/a><\/div>\n","protected":false},"author":12,"featured_media":109169,"comment_status":"open","ping_status":"open","sticky":false,"template":"","format":"standard","meta":{"footnotes":""},"categories":[10911,11015,11003,10912,10896],"tags":[10385,10913,537,11126,5952,10914],"class_list":{"0":"post-109181","1":"post","2":"type-post","3":"status-publish","4":"format-standard","5":"has-post-thumbnail","7":"category-bunol-ca","8":"category-canal-futbol","9":"category-sports","10":"category-la-hoya-ca","11":"category-seccion-ca","12":"tag-bunol","13":"tag-bunol-ca","14":"tag-cd-bunol","15":"tag-cd-bunol-ca","16":"tag-la-hoya-de-bunol-chiva","17":"tag-la-hoya-de-bunol-chiva-ca"},"_links":{"self":[{"href":"https:\/\/www.tucomarca.com\/wordpress\/segunda\/ca\/wp-json\/wp\/v2\/posts\/109181","targetHints":{"allow":["GET"]}}],"collection":[{"href":"https:\/\/www.tucomarca.com\/wordpress\/segunda\/ca\/wp-json\/wp\/v2\/posts"}],"about":[{"href":"https:\/\/www.tucomarca.com\/wordpress\/segunda\/ca\/wp-json\/wp\/v2\/types\/post"}],"author":[{"embeddable":true,"href":"https:\/\/www.tucomarca.com\/wordpress\/segunda\/ca\/wp-json\/wp\/v2\/users\/12"}],"replies":[{"embeddable":true,"href":"https:\/\/www.tucomarca.com\/wordpress\/segunda\/ca\/wp-json\/wp\/v2\/comments?post=109181"}],"version-history":[{"count":0,"href":"https:\/\/www.tucomarca.com\/wordpress\/segunda\/ca\/wp-json\/wp\/v2\/posts\/109181\/revisions"}],"wp:featuredmedia":[{"embeddable":true,"href":"https:\/\/www.tucomarca.com\/wordpress\/segunda\/ca\/wp-json\/wp\/v2\/media\/109169"}],"wp:attachment":[{"href":"https:\/\/www.tucomarca.com\/wordpress\/segunda\/ca\/wp-json\/wp\/v2\/media?parent=109181"}],"wp:term":[{"taxonomy":"category","embeddable":true,"href":"https:\/\/www.tucomarca.com\/wordpress\/segunda\/ca\/wp-json\/wp\/v2\/categories?post=109181"},{"taxonomy":"post_tag","embeddable":true,"href":"https:\/\/www.tucomarca.com\/wordpress\/segunda\/ca\/wp-json\/wp\/v2\/tags?post=109181"}],"curies":[{"name":"wp","href":"https:\/\/api.w.org\/{rel}","templated":true}]}}