{"id":109255,"date":"2020-06-24T23:22:08","date_gmt":"2020-06-24T21:22:08","guid":{"rendered":"http:\/\/www.tucomarca.com\/wordpress\/segunda\/?p=109255"},"modified":"2020-06-24T23:22:29","modified_gmt":"2020-06-24T21:22:29","slug":"es-reunix-a-bunyol-la-federacio-de-pensionistes-de-ccoo-pv-de-comarques-dinterior","status":"publish","type":"post","link":"https:\/\/www.tucomarca.com\/wordpress\/segunda\/ca\/es-reunix-a-bunyol-la-federacio-de-pensionistes-de-ccoo-pv-de-comarques-dinterior\/","title":{"rendered":"Es reunix a Bunyol la Federaci\u00f3 de Pensionistes de CC OO PV de Comarques d&#8217;Interior"},"content":{"rendered":"\n<p><strong>Este dimarts es va reunir a Bunyol la Federaci\u00f3 de Pensionistes de CCOO del PV amb afiliats del sindicat. La federaci\u00f3 va comptar amb la pres\u00e8ncia del seu secretari general Evaristo Soto i del membre de l&#8217;executiva de pensionistes Pep Montalt<\/strong><\/p>\n\n\n\n<p>El contingut de la reuni\u00f3 va tenir dos objectius principals: l&#8217;organitzaci\u00f3 sindical dels i les pensionistes a les nostres comarques de l&#8217;interior, i per aquest objectiu entre els afiliats presents a la reuni\u00f3 de dimarts es va formar un grup de coordinaci\u00f3 amb la missi\u00f3 de convocar per a setembre a l&#8217;afiliaci\u00f3 i simpatitzants de les comarques de la Plana d&#8217;Utiel-Requena, Vall d&#8217;Aiora, Foia de Bunyol-Xiva i el Camp de T\u00faria per tal de reflexionar, debatre i organitzar a la gent gran per afrontar amb efic\u00e0cia els reptes sanitaris i d&#8217;atenci\u00f3 social que durant i despr\u00e9s de la pand\u00e8mia ens anem a enfrontar la gent gran per poder desenvolupar una vida plena i saludable, per a aix\u00f2 es necessita potenciar tant uns serveis p\u00fablics socials amb suficient capacitat per atendre les necessitats de la gent gran com un nivell d&#8217;ingressos digne a trav\u00e9s de la defensa de les pensions p\u00fabliques i la seua revaloritzaci\u00f3 blindada amb les pujades de la carestia de la vida. Per articular aquest debat la Federaci\u00f3 de Pensionistes de CCOO PV ha publicat el document &#8220;ALGUNES RELFLEXIONES I PROPOSTES SOBRE LA CURA DE LES PERSONES MAJORS&#8221; text a millorar i enriquir als llarg de les assemblees de pensionistes que iniciarem a partir de setembre. Adjuntem a aquesta nota de premsa dit document.<\/p>\n\n\n\n<p>El segon objectiu de la reuni\u00f3 va ser la d&#8217;informar sobre el proc\u00e9s per al Congr\u00e9s Confederal de CCOO que la direcci\u00f3 estatal de el sindicat ha fixat per al mes de juliol de 2021 en la reuni\u00f3 de l&#8217;\u00faltim Consell Confederal celebrat el passat dia 16 d&#8217;aquest mes. A partir de la convocat\u00f2ria de Congr\u00e9s la Federaci\u00f3 de Pensionistes del PV ha marcat un calendari d&#8217;Assemblees i Congressos comarcals on es debatran les pon\u00e8ncies de Congr\u00e9s i s&#8217;elegiran les delegades i delegats a Congr\u00e9s al Pa\u00eds Valenci\u00e0 i a l&#8217;estatal. La intenci\u00f3 de la Federaci\u00f3 valenciana de pensionistes del nostre sindicat \u00e9s la de potenciar i refor\u00e7ar la participaci\u00f3 del nostre afiliats i militants en les decisions que es prenen en el sindicat i tenir veu pr\u00f2pia en els temes que directament afecten a la gent gran.<\/p>\n\n\n\n<p>Finalment es va informar de l&#8217;adhesi\u00f3 de CCOO-PV a la convocat\u00f2ria de mobilitzaci\u00f3 d&#8217;aquest dissabte 27 de juny a Alacant, Castell\u00f3 Elx i Val\u00e8ncia PER UN PACTE PER A UN NOU MODEL SOCIAL I ECON\u00d2MIC. Aquesta convocat\u00f2ria ve avalada per m\u00e9s de cent cinquanta professionals de la sanitat, la cultura, la ci\u00e8ncia, el periodisme, economistes, juristes i de les organitzacions socials i sindicals. El grup de coordinaci\u00f3 del sindicat a les comarques de l&#8217;interior es va encarregar de la difusi\u00f3 d&#8217;aquesta important convocat\u00f2ria a trav\u00e9s dels mitjans de comunicaci\u00f3 comarcals.<\/p>\n\n\n\n<p>Abans de finalitzar la reuni\u00f3 el secretari general de pensionistes de CCOO PV, Evaristo Soto, va convidar els afiliats presents a participar a la reuni\u00f3 de l&#8217;executiva de la federaci\u00f3 que es dur\u00e0 a terme el dijous 25 per via telem\u00e0tica.<\/p>\n","protected":false},"excerpt":{"rendered":"<div class=\"mh-excerpt\">Este dimarts es va reunir a Bunyol la Federaci\u00f3 de Pensionistes de CCOO del PV amb afiliats del sindicat. La federaci\u00f3 va comptar amb la pres\u00e8ncia del seu secretari general Evaristo Soto i del membre <a class=\"mh-excerpt-more\" href=\"https:\/\/www.tucomarca.com\/wordpress\/segunda\/ca\/es-reunix-a-bunyol-la-federacio-de-pensionistes-de-ccoo-pv-de-comarques-dinterior\/\" title=\"Es reunix a Bunyol la Federaci\u00f3 de Pensionistes de CC OO PV de Comarques d&#8217;Interior\">[+] <\/a><\/div>\n","protected":false},"author":12,"featured_media":109254,"comment_status":"open","ping_status":"open","sticky":false,"template":"","format":"standard","meta":{"footnotes":""},"categories":[10951,10911,10892,10948,10894,10912,10947,10909,10896],"tags":[203,12306,12148],"class_list":{"0":"post-109255","1":"post","2":"type-post","3":"status-publish","4":"format-standard","5":"has-post-thumbnail","7":"category-ayora-cofrentes-ca","8":"category-bunol-ca","9":"category-camp-de-turia-ca","10":"category-infraestructuras-ca","11":"category-la-comarca-ca","12":"category-la-hoya-ca","13":"category-politica","14":"category-requena-utiel-ca","15":"category-seccion-ca","16":"tag-ccoo","17":"tag-ccoo-federacion-de-pensionistas","18":"tag-comisiones-obreras-de-las-comarcas-del-interior"},"_links":{"self":[{"href":"https:\/\/www.tucomarca.com\/wordpress\/segunda\/ca\/wp-json\/wp\/v2\/posts\/109255","targetHints":{"allow":["GET"]}}],"collection":[{"href":"https:\/\/www.tucomarca.com\/wordpress\/segunda\/ca\/wp-json\/wp\/v2\/posts"}],"about":[{"href":"https:\/\/www.tucomarca.com\/wordpress\/segunda\/ca\/wp-json\/wp\/v2\/types\/post"}],"author":[{"embeddable":true,"href":"https:\/\/www.tucomarca.com\/wordpress\/segunda\/ca\/wp-json\/wp\/v2\/users\/12"}],"replies":[{"embeddable":true,"href":"https:\/\/www.tucomarca.com\/wordpress\/segunda\/ca\/wp-json\/wp\/v2\/comments?post=109255"}],"version-history":[{"count":0,"href":"https:\/\/www.tucomarca.com\/wordpress\/segunda\/ca\/wp-json\/wp\/v2\/posts\/109255\/revisions"}],"wp:featuredmedia":[{"embeddable":true,"href":"https:\/\/www.tucomarca.com\/wordpress\/segunda\/ca\/wp-json\/wp\/v2\/media\/109254"}],"wp:attachment":[{"href":"https:\/\/www.tucomarca.com\/wordpress\/segunda\/ca\/wp-json\/wp\/v2\/media?parent=109255"}],"wp:term":[{"taxonomy":"category","embeddable":true,"href":"https:\/\/www.tucomarca.com\/wordpress\/segunda\/ca\/wp-json\/wp\/v2\/categories?post=109255"},{"taxonomy":"post_tag","embeddable":true,"href":"https:\/\/www.tucomarca.com\/wordpress\/segunda\/ca\/wp-json\/wp\/v2\/tags?post=109255"}],"curies":[{"name":"wp","href":"https:\/\/api.w.org\/{rel}","templated":true}]}}