{"id":109276,"date":"2020-06-25T21:47:52","date_gmt":"2020-06-25T19:47:52","guid":{"rendered":"http:\/\/www.tucomarca.com\/wordpress\/segunda\/?p=109276"},"modified":"2020-06-25T21:47:54","modified_gmt":"2020-06-25T19:47:54","slug":"la-mancomunitat-de-la-foia-i-campus-diversia-coordinen-una-escola-destiu-per-a-xiquetes-i-xiquets-de-8-a-12-anys","status":"publish","type":"post","link":"https:\/\/www.tucomarca.com\/wordpress\/segunda\/ca\/la-mancomunitat-de-la-foia-i-campus-diversia-coordinen-una-escola-destiu-per-a-xiquetes-i-xiquets-de-8-a-12-anys\/","title":{"rendered":"La Mancomunitat de la Foia i Campus Diversia coordinen una escola d&#8217;estiu per a xiquetes i xiquets de 8 a 12 anys"},"content":{"rendered":"\n<p>Ha comen\u00e7at el per\u00edode d&#8217;inscripci\u00f3 a Y\u00e1tova per a una Escola d&#8217;Estiu que est\u00e0 coordinada al costat d&#8217;altres municipis de la mancomunitat i amb Campus Diversia. El per\u00edode d&#8217;inscripci\u00f3 a Alborache i Macastre ser\u00e0 de l&#8217;1 a el 6 de juliol.<\/p>\n\n\n\n<p>Amb aquesta escola es vol que la poblaci\u00f3 de 8 a 12 anys passe uns dies jugant, divertint-se i aprenent molt despr\u00e9s que aquests \u00faltims mesos hagen tingut un comportament tan exemplar i solidari.<\/p>\n\n\n\n<p>L&#8217;Escola d&#8217;Estiu consta de 60 places, 30 de les quals estan disponibles per al municipi de Y\u00e1tova, 15 places seran per a Alborache i altres 15 per a Macastre.<\/p>\n\n\n\n<p>Per rebre tota la informaci\u00f3 es pot enviar un correu a juventud@mclahoya.es i seguir els passos indicats.<br>\nS&#8217;ha elaborat un protocol de prevenci\u00f3 de l&#8217;COVID-19 segons les recomanacions sanit\u00e0ries.<\/p>\n","protected":false},"excerpt":{"rendered":"<div class=\"mh-excerpt\">Ha comen\u00e7at el per\u00edode d&#8217;inscripci\u00f3 a Y\u00e1tova per a una Escola d&#8217;Estiu que est\u00e0 coordinada al costat d&#8217;altres municipis de la mancomunitat i amb Campus Diversia. El per\u00edode d&#8217;inscripci\u00f3 a Alborache i Macastre ser\u00e0 de <a class=\"mh-excerpt-more\" href=\"https:\/\/www.tucomarca.com\/wordpress\/segunda\/ca\/la-mancomunitat-de-la-foia-i-campus-diversia-coordinen-una-escola-destiu-per-a-xiquetes-i-xiquets-de-8-a-12-anys\/\" title=\"La Mancomunitat de la Foia i Campus Diversia coordinen una escola d&#8217;estiu per a xiquetes i xiquets de 8 a 12 anys\">[+] <\/a><\/div>\n","protected":false},"author":12,"featured_media":109275,"comment_status":"open","ping_status":"open","sticky":false,"template":"","format":"standard","meta":{"footnotes":""},"categories":[10973,11010,12202,10980,10948,10894,10912,10978,10947,10896,10897],"tags":[10755,10702,11513],"class_list":{"0":"post-109276","1":"post","2":"type-post","3":"status-publish","4":"format-standard","5":"has-post-thumbnail","7":"category-alborache-ca","8":"category-canal-salud","9":"category-covid-19-ca","10":"category-yatova-ca","11":"category-infraestructuras-ca","12":"category-la-comarca-ca","13":"category-la-hoya-ca","14":"category-macastre-ca","15":"category-politica","16":"category-seccion-ca","17":"category-sucesos-la-comarca-ca","18":"tag-ayuntamiento-de-alborache","19":"tag-ayuntamiento-de-yatova","20":"tag-mancomunidad-de-la-hoya-de-bunol-chiva"},"_links":{"self":[{"href":"https:\/\/www.tucomarca.com\/wordpress\/segunda\/ca\/wp-json\/wp\/v2\/posts\/109276","targetHints":{"allow":["GET"]}}],"collection":[{"href":"https:\/\/www.tucomarca.com\/wordpress\/segunda\/ca\/wp-json\/wp\/v2\/posts"}],"about":[{"href":"https:\/\/www.tucomarca.com\/wordpress\/segunda\/ca\/wp-json\/wp\/v2\/types\/post"}],"author":[{"embeddable":true,"href":"https:\/\/www.tucomarca.com\/wordpress\/segunda\/ca\/wp-json\/wp\/v2\/users\/12"}],"replies":[{"embeddable":true,"href":"https:\/\/www.tucomarca.com\/wordpress\/segunda\/ca\/wp-json\/wp\/v2\/comments?post=109276"}],"version-history":[{"count":0,"href":"https:\/\/www.tucomarca.com\/wordpress\/segunda\/ca\/wp-json\/wp\/v2\/posts\/109276\/revisions"}],"wp:featuredmedia":[{"embeddable":true,"href":"https:\/\/www.tucomarca.com\/wordpress\/segunda\/ca\/wp-json\/wp\/v2\/media\/109275"}],"wp:attachment":[{"href":"https:\/\/www.tucomarca.com\/wordpress\/segunda\/ca\/wp-json\/wp\/v2\/media?parent=109276"}],"wp:term":[{"taxonomy":"category","embeddable":true,"href":"https:\/\/www.tucomarca.com\/wordpress\/segunda\/ca\/wp-json\/wp\/v2\/categories?post=109276"},{"taxonomy":"post_tag","embeddable":true,"href":"https:\/\/www.tucomarca.com\/wordpress\/segunda\/ca\/wp-json\/wp\/v2\/tags?post=109276"}],"curies":[{"name":"wp","href":"https:\/\/api.w.org\/{rel}","templated":true}]}}