{"id":109355,"date":"2020-06-25T20:00:43","date_gmt":"2020-06-25T18:00:43","guid":{"rendered":"http:\/\/www.tucomarca.com\/wordpress\/segunda\/?p=109355"},"modified":"2020-06-25T22:19:15","modified_gmt":"2020-06-25T20:19:15","slug":"el-cd-bunyol-senfrontara-a-lalcudia-a-la-ud-rayo-ibense-en-la-primera-eliminatoria-dascens-a-tercera","status":"publish","type":"post","link":"https:\/\/www.tucomarca.com\/wordpress\/segunda\/ca\/el-cd-bunyol-senfrontara-a-lalcudia-a-la-ud-rayo-ibense-en-la-primera-eliminatoria-dascens-a-tercera\/","title":{"rendered":"El CD Bunyol s&#8217;enfrontar\u00e0 a l&#8217;Alc\u00fadia a la UD Rayo Ibense en la primera eliminat\u00f2ria d&#8217;ascens a Tercera"},"content":{"rendered":"\n<p><strong>El rival a la primera eliminat\u00f2ria de el Club Esportiu Bunyol ser\u00e0 la UD Rayo Ibense i, en cas de vict\u00f2ria, els blancs s&#8217;enfrontarien a el vencedor de l&#8217;eliminat\u00f2ria entre el CFI Alacant i el Torrent CF.<\/strong><\/p>\n\n\n\n<p>Aquest dijous ha tingut lloc a la seu de la Federaci\u00f3 de Futbol de la Comunitat Valenciana el sorteig de les eliminat\u00f2ries de la promoci\u00f3 d&#8217;ascens a Tercera Divisi\u00f3.<\/p>\n\n\n\n<p>La seu \u00fanica en qu\u00e8 es disputaran tots els partits d&#8217;aquesta promoci\u00f3 seran les instal\u00b7lacions esportives de camp municipal Els Arcs de l&#8217;Alc\u00fadia.<\/p>\n\n\n\n<p>La primera eliminat\u00f2ria es disputar\u00e0 entre els dies 15,16 i 17 de juliol. La segona eliminat\u00f2ria es disputar\u00e0 una setmana despr\u00e9s, \u00e9s a dir, els dies 22, 23 i 24 de juliol.<\/p>\n\n\n\n<p>A la primera ronda, el club esportiu Bunyol s&#8217;enfrontar\u00e0 a la UD Rayo Ibense, tercer classificat de el Grup IV.<\/p>\n\n\n\n<p>&#8220;En cas de passar la primera eliminat\u00f2ria, ens enfrontar\u00edem en el partit decisiu per l&#8217;ascens a el vencedor de l&#8217;eliminat\u00f2ria entre el CFI Alacant (2n Grup IV) i el Torrent CF (2n Grup II)&#8221;, han destacat des del CD Bunyol.<\/p>\n\n\n\n<p>Excepte sorpresa d&#8217;\u00faltima hora, tots els partits es disputaran a porta tancada.<\/p>\n","protected":false},"excerpt":{"rendered":"<div class=\"mh-excerpt\">El rival a la primera eliminat\u00f2ria de el Club Esportiu Bunyol ser\u00e0 la UD Rayo Ibense i, en cas de vict\u00f2ria, els blancs s&#8217;enfrontarien a el vencedor de l&#8217;eliminat\u00f2ria entre el CFI Alacant i el <a class=\"mh-excerpt-more\" href=\"https:\/\/www.tucomarca.com\/wordpress\/segunda\/ca\/el-cd-bunyol-senfrontara-a-lalcudia-a-la-ud-rayo-ibense-en-la-primera-eliminatoria-dascens-a-tercera\/\" title=\"El CD Bunyol s&#8217;enfrontar\u00e0 a l&#8217;Alc\u00fadia a la UD Rayo Ibense en la primera eliminat\u00f2ria d&#8217;ascens a Tercera\">[+] <\/a><\/div>\n","protected":false},"author":1,"featured_media":109356,"comment_status":"open","ping_status":"open","sticky":false,"template":"","format":"standard","meta":{"footnotes":""},"categories":[10911,11015,11010,11003,10995,10894,10912,10902,10896,10897],"tags":[11126,11939,11940,11952,11074,11264],"class_list":{"0":"post-109355","1":"post","2":"type-post","3":"status-publish","4":"format-standard","5":"has-post-thumbnail","7":"category-bunol-ca","8":"category-canal-futbol","9":"category-canal-salud","10":"category-sports","11":"category-lalcudia-ca","12":"category-la-comarca-ca","13":"category-la-hoya-ca","14":"category-la-ribera-ca","15":"category-seccion-ca","16":"category-sucesos-la-comarca-ca","17":"tag-cd-bunol-ca","18":"tag-coronavirus-ca","19":"tag-covid-19-ca","20":"tag-covid2019-ca","21":"tag-deportes-ca","22":"tag-esports-ca"},"_links":{"self":[{"href":"https:\/\/www.tucomarca.com\/wordpress\/segunda\/ca\/wp-json\/wp\/v2\/posts\/109355","targetHints":{"allow":["GET"]}}],"collection":[{"href":"https:\/\/www.tucomarca.com\/wordpress\/segunda\/ca\/wp-json\/wp\/v2\/posts"}],"about":[{"href":"https:\/\/www.tucomarca.com\/wordpress\/segunda\/ca\/wp-json\/wp\/v2\/types\/post"}],"author":[{"embeddable":true,"href":"https:\/\/www.tucomarca.com\/wordpress\/segunda\/ca\/wp-json\/wp\/v2\/users\/1"}],"replies":[{"embeddable":true,"href":"https:\/\/www.tucomarca.com\/wordpress\/segunda\/ca\/wp-json\/wp\/v2\/comments?post=109355"}],"version-history":[{"count":0,"href":"https:\/\/www.tucomarca.com\/wordpress\/segunda\/ca\/wp-json\/wp\/v2\/posts\/109355\/revisions"}],"wp:featuredmedia":[{"embeddable":true,"href":"https:\/\/www.tucomarca.com\/wordpress\/segunda\/ca\/wp-json\/wp\/v2\/media\/109356"}],"wp:attachment":[{"href":"https:\/\/www.tucomarca.com\/wordpress\/segunda\/ca\/wp-json\/wp\/v2\/media?parent=109355"}],"wp:term":[{"taxonomy":"category","embeddable":true,"href":"https:\/\/www.tucomarca.com\/wordpress\/segunda\/ca\/wp-json\/wp\/v2\/categories?post=109355"},{"taxonomy":"post_tag","embeddable":true,"href":"https:\/\/www.tucomarca.com\/wordpress\/segunda\/ca\/wp-json\/wp\/v2\/tags?post=109355"}],"curies":[{"name":"wp","href":"https:\/\/api.w.org\/{rel}","templated":true}]}}