{"id":109500,"date":"2020-06-30T11:15:56","date_gmt":"2020-06-30T09:15:56","guid":{"rendered":"http:\/\/www.tucomarca.com\/wordpress\/segunda\/?p=109500"},"modified":"2020-06-30T14:23:12","modified_gmt":"2020-06-30T12:23:12","slug":"ava-asaja-demana-que-els-canvis-tarifaris-prescindisquen-de-gastos-aliens-per-a-abaratir-un-30-la-factura-energetica","status":"publish","type":"post","link":"https:\/\/www.tucomarca.com\/wordpress\/segunda\/ca\/ava-asaja-demana-que-els-canvis-tarifaris-prescindisquen-de-gastos-aliens-per-a-abaratir-un-30-la-factura-energetica\/","title":{"rendered":"AVA-Asaja demana que els canvis tarifaris prescindisquen de gastos aliens per a abaratir un 30% la factura energ\u00e8tica"},"content":{"rendered":"\n<p><strong>Els regants denuncien que la normativa que preveu El Govern augura m\u00e9s costos en plena crisi, m\u00e9s penalitzacions per exc\u00e9s de pot\u00e8ncia i m\u00e9s burocr\u00e0cia<\/strong><\/p>\n\n\n\n<p>L&#8217;Associaci\u00f3 Valenciana d&#8217;Agricultors (AVA-ASAJA) reclama a Govern central que la nova metodologia que preveu posar en marxa per calcular els peatges de l&#8217;transport i la distribuci\u00f3 de l&#8217;energia el\u00e8ctrica prescindisca de despeses alienes a l&#8217;reg agr\u00edcola amb la finalitat d&#8217;abaratir m\u00e9s de un 30% la factura energ\u00e8tica als regants.<\/p>\n\n\n\n<p>Entre aquestes despeses que l&#8217;organitzaci\u00f3 agr\u00e0ria demana que l&#8217;executiu elimini de la factura el\u00e8ctrica i que financi a trav\u00e9s dels pressupostos generals de l&#8217;Estat (PGE) destaquen &#8220;els incentius a les energies renovables, cogeneraci\u00f3 i residus&#8221; (18,8% de el cost total), &#8220;altres costos regulats&#8221; (9,6%) i &#8220;impostos aplicats&#8221; a aquests cap\u00edtols.<\/p>\n\n\n\n<p>El president d&#8217;AVA-ASAJA, Crist\u00f3bal Aguado, subratlla que &#8220;els agricultors ja estem travessant una dur\u00edssima crisi de rendibilitat com per, a m\u00e9s, pagar quan reguem els nostres horts unes despeses suplement\u00e0ries que no tenen res a veure amb nosaltres. La normativa que necessita el sector hauria de dirigir a abaratir la factura, no al rev\u00e9s&#8221;.<\/p>\n\n\n\n<p>I \u00e9s que, a ju\u00ed d&#8217;AVA-ASAJA, la Circular 3\/2020 publicada en el Butllet\u00ed Oficial de l&#8217;Estat (BOE) i la seva modificaci\u00f3 adoptada en l&#8217;estat d&#8217;alarma pel Covid-19 auguren a partir d&#8217;l&#8217;1 d&#8217;abril de 2021&#8243; m\u00e9s costos econ\u00f2mics, m\u00e9s penalitzacions per excessos puntuals de pot\u00e8ncia i m\u00e9s embolic burocr\u00e0tic per adaptar-se a les noves exig\u00e8ncies t\u00e8cniques com va passar el 2008&#8243;.<\/p>\n\n\n\n<p>Aguado afegeix que &#8220;el Govern, especialment el ministre d&#8217;Agricultura, t\u00e9 encara marge de temps per reconduir aquest disbarat i aconseguir que els regants paguen una factura el\u00e8ctrica d&#8217;acord a les seues necessitats i als seus possibilitats econ\u00f2miques. Si mant\u00e9 els seus plans, hi haur\u00e0 m\u00e9s despeses per a menys usuaris, i aix\u00f2 nom\u00e9s pot empitjorar la crisi agr\u00e0ria i l&#8217;abandonament de camps &#8220;.<\/p>\n","protected":false},"excerpt":{"rendered":"<div class=\"mh-excerpt\">Els regants denuncien que la normativa que preveu El Govern augura m\u00e9s costos en plena crisi, m\u00e9s penalitzacions per exc\u00e9s de pot\u00e8ncia i m\u00e9s burocr\u00e0cia L&#8217;Associaci\u00f3 Valenciana d&#8217;Agricultors (AVA-ASAJA) reclama a Govern central que la <a class=\"mh-excerpt-more\" href=\"https:\/\/www.tucomarca.com\/wordpress\/segunda\/ca\/ava-asaja-demana-que-els-canvis-tarifaris-prescindisquen-de-gastos-aliens-per-a-abaratir-un-30-la-factura-energetica\/\" title=\"AVA-Asaja demana que els canvis tarifaris prescindisquen de gastos aliens per a abaratir un 30% la factura energ\u00e8tica\">[+] <\/a><\/div>\n","protected":false},"author":12,"featured_media":102670,"comment_status":"open","ping_status":"open","sticky":false,"template":"","format":"standard","meta":{"footnotes":""},"categories":[10905,10898,10894,10904,10903,10947,10896],"tags":[12339,328,976],"class_list":{"0":"post-109500","1":"post","2":"type-post","3":"status-publish","4":"format-standard","5":"has-post-thumbnail","7":"category-agricultura-la-comarca-ca","8":"category-ventana-ca","9":"category-la-comarca-ca","10":"category-sin-categorizar-ca","11":"category-medio-ambiente-la-comarca-ca","12":"category-politica","13":"category-seccion-ca","14":"tag-asociacion-valenciana-de-agricultores","15":"tag-ava-asaja","16":"tag-regantes"},"_links":{"self":[{"href":"https:\/\/www.tucomarca.com\/wordpress\/segunda\/ca\/wp-json\/wp\/v2\/posts\/109500","targetHints":{"allow":["GET"]}}],"collection":[{"href":"https:\/\/www.tucomarca.com\/wordpress\/segunda\/ca\/wp-json\/wp\/v2\/posts"}],"about":[{"href":"https:\/\/www.tucomarca.com\/wordpress\/segunda\/ca\/wp-json\/wp\/v2\/types\/post"}],"author":[{"embeddable":true,"href":"https:\/\/www.tucomarca.com\/wordpress\/segunda\/ca\/wp-json\/wp\/v2\/users\/12"}],"replies":[{"embeddable":true,"href":"https:\/\/www.tucomarca.com\/wordpress\/segunda\/ca\/wp-json\/wp\/v2\/comments?post=109500"}],"version-history":[{"count":0,"href":"https:\/\/www.tucomarca.com\/wordpress\/segunda\/ca\/wp-json\/wp\/v2\/posts\/109500\/revisions"}],"wp:featuredmedia":[{"embeddable":true,"href":"https:\/\/www.tucomarca.com\/wordpress\/segunda\/ca\/wp-json\/wp\/v2\/media\/102670"}],"wp:attachment":[{"href":"https:\/\/www.tucomarca.com\/wordpress\/segunda\/ca\/wp-json\/wp\/v2\/media?parent=109500"}],"wp:term":[{"taxonomy":"category","embeddable":true,"href":"https:\/\/www.tucomarca.com\/wordpress\/segunda\/ca\/wp-json\/wp\/v2\/categories?post=109500"},{"taxonomy":"post_tag","embeddable":true,"href":"https:\/\/www.tucomarca.com\/wordpress\/segunda\/ca\/wp-json\/wp\/v2\/tags?post=109500"}],"curies":[{"name":"wp","href":"https:\/\/api.w.org\/{rel}","templated":true}]}}